{"id":40794,"date":"2018-09-24T19:03:23","date_gmt":"2018-09-24T22:03:23","guid":{"rendered":"https:\/\/eldiariodesanpedro.com.ar\/sitio\/?p=40794"},"modified":"2018-09-24T19:03:23","modified_gmt":"2018-09-24T22:03:23","slug":"rio-tala-fabrica-de-plasticos-saladino-cerro-sus-puertas-y-quiso-llevarse-las-maquinas-sin-avisarle-a-sus-empleados","status":"publish","type":"post","link":"https:\/\/eldiariodesanpedro.com.ar\/sitio\/rio-tala-fabrica-de-plasticos-saladino-cerro-sus-puertas-y-quiso-llevarse-las-maquinas-sin-avisarle-a-sus-empleados\/","title":{"rendered":"Rio Tala: Fabrica de Plasticos Saladino cerro sus puertas y quiso llevarse las maquinas sin avisarle a sus empleados."},"content":{"rendered":"<p><!-- VideographyWP Plugin Message: Automatic video embedding prevented by plugin options. --><br \/>\nEsta ultima semana  movimientos extra\u00f1os en la planta de reciclados de pl\u00e1stico Saladino, alert\u00f3 a los trabajadores que algo no andaba bien. Este domingo finalmente impidieron que se lleven m\u00e1quinas, que sin avisar a el personal, el due\u00f1o hab\u00eda dado la orden. Ahora los empleados acompa\u00f1ados por representantes de la CGT, CTA y Movimiento Evita permanecen dentro de la f\u00e1brica.<\/p>\n<p>Quince personas son las que trabajaban en esta Fabrica, trabajan en turnos rotativos, hace unos meses se conoci\u00f3 la noticia de que algunos empleados estaban trabajando en negro, que ten\u00edan gente de otras provincias viviendo all\u00ed, durmiendo sobre planchas de tergopol y en malisimas condiciones. <\/p>\n<p>Recordemos que en el mes de Abril, en la sede del Ministerio de Trabajo se reunieron los propietarios de la f\u00e1brica con los empleados que reclaman el pago de los haberes adeudados y el mejoramiento de las condiciones laborales, principalmente, en lo que seguridad e higiene respecta. La palabra del Mono Acosta, representante de la CGT Regional, luego del acuerdo fue: \u201cLa empresa est\u00e1 dispuesta a que los trabajadores mantengan sus lugares dentro de la f\u00e1brica, inclusive est\u00e1n dispuestos a tomar m\u00e1s empleados a medida que vaya creciendo la producci\u00f3n y formalmente, como corresponde\u201d.<\/p>\n<p>En el mes de Julio, el empresario Saladino hab\u00eda recibido  al Intendente Cecilio Salazar acompa\u00f1ado por el Secretario de Coordinaci\u00f3n Ram\u00f3n Salazar y en su visita a la Fabrica se hablaba de ampliaciones para la firma.<\/p>\n<p>Hoy en la actualidad: \u00abEl due\u00f1o se llev\u00f3 todo de la casa y tiene los tel\u00e9fonos apagados, este domingo un cami\u00f3n estaba dispuesto a llevarse todo, ninguno de los empleados estaba enterado de lo que estaba pasando, si hace dos meses que no le pagan el sueldo y tampoco terminaron de arreglar con los ex trabajadores que de a poquito le van tirando plata por mes, nunca cumplieron con lo acordado\u00bb cont\u00f3 a este medio Jorge Altolaguirre perteneciente a ATE.<\/p>\n<p>Por el momento, decidieron permanecer dentro de la planta, para impedir que se lleven las m\u00e1quinas, y aguardan la llegada de alg\u00fan representante de la empresa. <\/p>\n<p><img decoding=\"async\" data-attachment-id=\"40795\" data-permalink=\"https:\/\/eldiariodesanpedro.com.ar\/sitio\/rio-tala-fabrica-de-plasticos-saladino-cerro-sus-puertas-y-quiso-llevarse-las-maquinas-sin-avisarle-a-sus-empleados\/plasticos-saladino\/\" data-orig-file=\"https:\/\/eldiariodesanpedro.com.ar\/sitio\/wp-content\/uploads\/2018\/09\/Plasticos-Saladino.jpeg\" data-orig-size=\"1280,622\" data-comments-opened=\"1\" data-image-meta=\"{&quot;aperture&quot;:&quot;0&quot;,&quot;credit&quot;:&quot;&quot;,&quot;camera&quot;:&quot;&quot;,&quot;caption&quot;:&quot;&quot;,&quot;created_timestamp&quot;:&quot;0&quot;,&quot;copyright&quot;:&quot;&quot;,&quot;focal_length&quot;:&quot;0&quot;,&quot;iso&quot;:&quot;0&quot;,&quot;shutter_speed&quot;:&quot;0&quot;,&quot;title&quot;:&quot;&quot;,&quot;orientation&quot;:&quot;0&quot;}\" data-image-title=\"Plasticos Saladino\" data-image-description=\"\" data-image-caption=\"\" data-large-file=\"https:\/\/eldiariodesanpedro.com.ar\/sitio\/wp-content\/uploads\/2018\/09\/Plasticos-Saladino-1024x498.jpeg\" data-src=\"https:\/\/eldiariodesanpedro.com.ar\/sitio\/wp-content\/uploads\/2018\/09\/Plasticos-Saladino-1024x498.jpeg\" alt=\"\" width=\"660\" height=\"321\" class=\"alignnone size-large wp-image-40795 lazyload\" data-srcset=\"https:\/\/eldiariodesanpedro.com.ar\/sitio\/wp-content\/uploads\/2018\/09\/Plasticos-Saladino-1024x498.jpeg 1024w, https:\/\/eldiariodesanpedro.com.ar\/sitio\/wp-content\/uploads\/2018\/09\/Plasticos-Saladino-300x146.jpeg 300w, https:\/\/eldiariodesanpedro.com.ar\/sitio\/wp-content\/uploads\/2018\/09\/Plasticos-Saladino-768x373.jpeg 768w, https:\/\/eldiariodesanpedro.com.ar\/sitio\/wp-content\/uploads\/2018\/09\/Plasticos-Saladino.jpeg 1280w\" data-sizes=\"(max-width: 660px) 100vw, 660px\" src=\"data:image\/svg+xml;base64,PHN2ZyB3aWR0aD0iMSIgaGVpZ2h0PSIxIiB4bWxucz0iaHR0cDovL3d3dy53My5vcmcvMjAwMC9zdmciPjwvc3ZnPg==\" style=\"--smush-placeholder-width: 660px; --smush-placeholder-aspect-ratio: 660\/321;\" \/><\/p>\n<p><img decoding=\"async\" data-attachment-id=\"40796\" data-permalink=\"https:\/\/eldiariodesanpedro.com.ar\/sitio\/rio-tala-fabrica-de-plasticos-saladino-cerro-sus-puertas-y-quiso-llevarse-las-maquinas-sin-avisarle-a-sus-empleados\/whatsapp-image-2018-09-24-at-15-57-42\/\" data-orig-file=\"https:\/\/eldiariodesanpedro.com.ar\/sitio\/wp-content\/uploads\/2018\/09\/WhatsApp-Image-2018-09-24-at-15.57.42.jpeg\" data-orig-size=\"774,1032\" data-comments-opened=\"1\" data-image-meta=\"{&quot;aperture&quot;:&quot;0&quot;,&quot;credit&quot;:&quot;&quot;,&quot;camera&quot;:&quot;&quot;,&quot;caption&quot;:&quot;&quot;,&quot;created_timestamp&quot;:&quot;0&quot;,&quot;copyright&quot;:&quot;&quot;,&quot;focal_length&quot;:&quot;0&quot;,&quot;iso&quot;:&quot;0&quot;,&quot;shutter_speed&quot;:&quot;0&quot;,&quot;title&quot;:&quot;&quot;,&quot;orientation&quot;:&quot;0&quot;}\" data-image-title=\"WhatsApp Image 2018-09-24 at 15.57.42\" data-image-description=\"\" data-image-caption=\"\" data-large-file=\"https:\/\/eldiariodesanpedro.com.ar\/sitio\/wp-content\/uploads\/2018\/09\/WhatsApp-Image-2018-09-24-at-15.57.42-768x1024.jpeg\" data-src=\"https:\/\/eldiariodesanpedro.com.ar\/sitio\/wp-content\/uploads\/2018\/09\/WhatsApp-Image-2018-09-24-at-15.57.42-768x1024.jpeg\" alt=\"\" width=\"660\" height=\"880\" class=\"alignnone size-large wp-image-40796 lazyload\" data-srcset=\"https:\/\/eldiariodesanpedro.com.ar\/sitio\/wp-content\/uploads\/2018\/09\/WhatsApp-Image-2018-09-24-at-15.57.42-768x1024.jpeg 768w, https:\/\/eldiariodesanpedro.com.ar\/sitio\/wp-content\/uploads\/2018\/09\/WhatsApp-Image-2018-09-24-at-15.57.42-225x300.jpeg 225w, https:\/\/eldiariodesanpedro.com.ar\/sitio\/wp-content\/uploads\/2018\/09\/WhatsApp-Image-2018-09-24-at-15.57.42.jpeg 774w\" data-sizes=\"(max-width: 660px) 100vw, 660px\" src=\"data:image\/svg+xml;base64,PHN2ZyB3aWR0aD0iMSIgaGVpZ2h0PSIxIiB4bWxucz0iaHR0cDovL3d3dy53My5vcmcvMjAwMC9zdmciPjwvc3ZnPg==\" style=\"--smush-placeholder-width: 660px; --smush-placeholder-aspect-ratio: 660\/880;\" \/><\/p>\n<p><img decoding=\"async\" data-attachment-id=\"40797\" data-permalink=\"https:\/\/eldiariodesanpedro.com.ar\/sitio\/rio-tala-fabrica-de-plasticos-saladino-cerro-sus-puertas-y-quiso-llevarse-las-maquinas-sin-avisarle-a-sus-empleados\/whatsapp-image-2018-09-24-at-15-57-44\/\" data-orig-file=\"https:\/\/eldiariodesanpedro.com.ar\/sitio\/wp-content\/uploads\/2018\/09\/WhatsApp-Image-2018-09-24-at-15.57.44.jpeg\" data-orig-size=\"774,1032\" data-comments-opened=\"1\" data-image-meta=\"{&quot;aperture&quot;:&quot;0&quot;,&quot;credit&quot;:&quot;&quot;,&quot;camera&quot;:&quot;&quot;,&quot;caption&quot;:&quot;&quot;,&quot;created_timestamp&quot;:&quot;0&quot;,&quot;copyright&quot;:&quot;&quot;,&quot;focal_length&quot;:&quot;0&quot;,&quot;iso&quot;:&quot;0&quot;,&quot;shutter_speed&quot;:&quot;0&quot;,&quot;title&quot;:&quot;&quot;,&quot;orientation&quot;:&quot;0&quot;}\" data-image-title=\"WhatsApp Image 2018-09-24 at 15.57.44\" data-image-description=\"\" data-image-caption=\"\" data-large-file=\"https:\/\/eldiariodesanpedro.com.ar\/sitio\/wp-content\/uploads\/2018\/09\/WhatsApp-Image-2018-09-24-at-15.57.44-768x1024.jpeg\" data-src=\"https:\/\/eldiariodesanpedro.com.ar\/sitio\/wp-content\/uploads\/2018\/09\/WhatsApp-Image-2018-09-24-at-15.57.44-768x1024.jpeg\" alt=\"\" width=\"660\" height=\"880\" class=\"alignnone size-large wp-image-40797 lazyload\" data-srcset=\"https:\/\/eldiariodesanpedro.com.ar\/sitio\/wp-content\/uploads\/2018\/09\/WhatsApp-Image-2018-09-24-at-15.57.44-768x1024.jpeg 768w, https:\/\/eldiariodesanpedro.com.ar\/sitio\/wp-content\/uploads\/2018\/09\/WhatsApp-Image-2018-09-24-at-15.57.44-225x300.jpeg 225w, https:\/\/eldiariodesanpedro.com.ar\/sitio\/wp-content\/uploads\/2018\/09\/WhatsApp-Image-2018-09-24-at-15.57.44.jpeg 774w\" data-sizes=\"(max-width: 660px) 100vw, 660px\" src=\"data:image\/svg+xml;base64,PHN2ZyB3aWR0aD0iMSIgaGVpZ2h0PSIxIiB4bWxucz0iaHR0cDovL3d3dy53My5vcmcvMjAwMC9zdmciPjwvc3ZnPg==\" style=\"--smush-placeholder-width: 660px; --smush-placeholder-aspect-ratio: 660\/880;\" \/><\/p>\n<p><img decoding=\"async\" data-attachment-id=\"40798\" data-permalink=\"https:\/\/eldiariodesanpedro.com.ar\/sitio\/rio-tala-fabrica-de-plasticos-saladino-cerro-sus-puertas-y-quiso-llevarse-las-maquinas-sin-avisarle-a-sus-empleados\/whatsapp-image-2018-09-24-at-15-57-45\/\" data-orig-file=\"https:\/\/eldiariodesanpedro.com.ar\/sitio\/wp-content\/uploads\/2018\/09\/WhatsApp-Image-2018-09-24-at-15.57.45.jpeg\" data-orig-size=\"774,1032\" data-comments-opened=\"1\" data-image-meta=\"{&quot;aperture&quot;:&quot;0&quot;,&quot;credit&quot;:&quot;&quot;,&quot;camera&quot;:&quot;&quot;,&quot;caption&quot;:&quot;&quot;,&quot;created_timestamp&quot;:&quot;0&quot;,&quot;copyright&quot;:&quot;&quot;,&quot;focal_length&quot;:&quot;0&quot;,&quot;iso&quot;:&quot;0&quot;,&quot;shutter_speed&quot;:&quot;0&quot;,&quot;title&quot;:&quot;&quot;,&quot;orientation&quot;:&quot;0&quot;}\" data-image-title=\"WhatsApp Image 2018-09-24 at 15.57.45\" data-image-description=\"\" data-image-caption=\"\" data-large-file=\"https:\/\/eldiariodesanpedro.com.ar\/sitio\/wp-content\/uploads\/2018\/09\/WhatsApp-Image-2018-09-24-at-15.57.45-768x1024.jpeg\" data-src=\"https:\/\/eldiariodesanpedro.com.ar\/sitio\/wp-content\/uploads\/2018\/09\/WhatsApp-Image-2018-09-24-at-15.57.45-768x1024.jpeg\" alt=\"\" width=\"660\" height=\"880\" class=\"alignnone size-large wp-image-40798 lazyload\" data-srcset=\"https:\/\/eldiariodesanpedro.com.ar\/sitio\/wp-content\/uploads\/2018\/09\/WhatsApp-Image-2018-09-24-at-15.57.45-768x1024.jpeg 768w, https:\/\/eldiariodesanpedro.com.ar\/sitio\/wp-content\/uploads\/2018\/09\/WhatsApp-Image-2018-09-24-at-15.57.45-225x300.jpeg 225w, https:\/\/eldiariodesanpedro.com.ar\/sitio\/wp-content\/uploads\/2018\/09\/WhatsApp-Image-2018-09-24-at-15.57.45.jpeg 774w\" data-sizes=\"(max-width: 660px) 100vw, 660px\" src=\"data:image\/svg+xml;base64,PHN2ZyB3aWR0aD0iMSIgaGVpZ2h0PSIxIiB4bWxucz0iaHR0cDovL3d3dy53My5vcmcvMjAwMC9zdmciPjwvc3ZnPg==\" style=\"--smush-placeholder-width: 660px; --smush-placeholder-aspect-ratio: 660\/880;\" \/><\/p>\n","protected":false},"excerpt":{"rendered":"<p>Esta ultima semana movimientos extra\u00f1os en la planta de reciclados de pl\u00e1stico Saladino, alert\u00f3 a los trabajadores que algo no andaba bien. Este domingo finalmente impidieron que se lleven m\u00e1quinas, que sin avisar a el personal, el due\u00f1o hab\u00eda dado la orden. Ahora los empleados acompa\u00f1ados por representantes de la CGT, CTA y Movimiento Evita [&hellip;]<\/p>\n","protected":false},"author":4,"featured_media":40795,"comment_status":"open","ping_status":"closed","sticky":false,"template":"","format":"standard","meta":{"om_disable_all_campaigns":false,"_jetpack_memberships_contains_paid_content":false,"footnotes":""},"categories":[50,101,2],"tags":[],"class_list":["post-40794","post","type-post","status-publish","format-standard","has-post-thumbnail","hentry","category-destacadas","category-interes-general-locales","category-locales"],"aioseo_notices":[],"gutentor_comment":0,"jetpack_featured_media_url":"https:\/\/eldiariodesanpedro.com.ar\/sitio\/wp-content\/uploads\/2018\/09\/Plasticos-Saladino.jpeg","jetpack_shortlink":"https:\/\/wp.me\/p6RhLt-aBY","jetpack_sharing_enabled":true,"_links":{"self":[{"href":"https:\/\/eldiariodesanpedro.com.ar\/sitio\/wp-json\/wp\/v2\/posts\/40794","targetHints":{"allow":["GET"]}}],"collection":[{"href":"https:\/\/eldiariodesanpedro.com.ar\/sitio\/wp-json\/wp\/v2\/posts"}],"about":[{"href":"https:\/\/eldiariodesanpedro.com.ar\/sitio\/wp-json\/wp\/v2\/types\/post"}],"author":[{"embeddable":true,"href":"https:\/\/eldiariodesanpedro.com.ar\/sitio\/wp-json\/wp\/v2\/users\/4"}],"replies":[{"embeddable":true,"href":"https:\/\/eldiariodesanpedro.com.ar\/sitio\/wp-json\/wp\/v2\/comments?post=40794"}],"version-history":[{"count":1,"href":"https:\/\/eldiariodesanpedro.com.ar\/sitio\/wp-json\/wp\/v2\/posts\/40794\/revisions"}],"predecessor-version":[{"id":40799,"href":"https:\/\/eldiariodesanpedro.com.ar\/sitio\/wp-json\/wp\/v2\/posts\/40794\/revisions\/40799"}],"wp:featuredmedia":[{"embeddable":true,"href":"https:\/\/eldiariodesanpedro.com.ar\/sitio\/wp-json\/wp\/v2\/media\/40795"}],"wp:attachment":[{"href":"https:\/\/eldiariodesanpedro.com.ar\/sitio\/wp-json\/wp\/v2\/media?parent=40794"}],"wp:term":[{"taxonomy":"category","embeddable":true,"href":"https:\/\/eldiariodesanpedro.com.ar\/sitio\/wp-json\/wp\/v2\/categories?post=40794"},{"taxonomy":"post_tag","embeddable":true,"href":"https:\/\/eldiariodesanpedro.com.ar\/sitio\/wp-json\/wp\/v2\/tags?post=40794"}],"curies":[{"name":"wp","href":"https:\/\/api.w.org\/{rel}","templated":true}]}}