{"id":40790,"date":"2018-09-24T13:05:47","date_gmt":"2018-09-24T16:05:47","guid":{"rendered":"https:\/\/eldiariodesanpedro.com.ar\/sitio\/?p=40790"},"modified":"2018-09-24T13:05:47","modified_gmt":"2018-09-24T16:05:47","slug":"seminario-de-literatura-argentina-dictado-por-sylvia-iparraguirre","status":"publish","type":"post","link":"https:\/\/eldiariodesanpedro.com.ar\/sitio\/seminario-de-literatura-argentina-dictado-por-sylvia-iparraguirre\/","title":{"rendered":"Seminario de Literatura Argentina dictado por Sylvia Iparraguirre"},"content":{"rendered":"<p><!-- VideographyWP Plugin Message: Automatic video embedding prevented by plugin options. --><br \/>\nLa Direcci\u00f3n de Cultura de la Municipalidad de San Pedro y La Casa de Abelardo Castillo, declarada de Inter\u00e9s Cultural para la Comuna de San Pedro, lo invitan a participar del \u201cSeminario de Literatura Argentina\u201d dictado por la Escritora Sylvia Iparraguirre.<br \/>\nEl seminario tiene una duraci\u00f3n de 12 horas, las cuales se distribuir\u00e1n en 4 s\u00e1bados. El primero es el 13 de octubre hasta el s\u00e1bado 3 de noviembre de 15 a 18 hs.<br \/>\nEl seminario realizar\u00e1 especial foco en la \u201cLiteratura Argentina del Siglo XX: De la Vanguardia de los a\u00f1os \u201820 a los \u201860\u2018\u201d. Con especial estudio sobre los escritores Jorge Luis Borges, Roberto Arlt, Julio Cort\u00e1zar, Abelardo Castillo, Isidoro Blaisten, Sara Gallardo.<br \/>\nLa bibliograf\u00eda de estudio se entregar\u00e1 en clase. Se recomienda a los asistentes que para la primera clase lean los cuentos de Borges: \u201cEl sur\u201d, \u201cLas ruinas circulares\u201d y \u201cBiograf\u00eda de Tadeo Isidoro Cruz\u201d, tambi\u00e9n del escritor Roberto Arlt \u201cEl juguete rabioso\u201d.<br \/>\nEl seminario si dictar\u00e1 en la Casa de Abelardo castillo, Unidad 103, Club Los Andes. Para inscribirse debe hacerlo en la Direcci\u00f3n de Cultura de lunes a viernes de 8 a 14hs. O bien o bien por correo electr\u00f3nico a cultura@sanpedro.gob.ar<br \/>\nLos cupos son limitados, capacidad m\u00e1xima 15 personas mayores de 18 a\u00f1os.<\/p>\n<p>Sobre Sylvia Iparraguirre<\/p>\n<p>Escritora y ensayista, Sylvia Iparraguirre es egresada de la carrera de Letras por la Universidad de Buenos Aires e investigadora del CONICET. Form\u00f3 parte de las revistas literarias El Escarabajo de Oro y El Ornitorrinco. Public\u00f3 tres libros de cuentos En el invierno de las ciudades (1988, Primer Premio Municipal de Literatura), Probables lluvias por la noche (1993) y El pa\u00eds del viento  reunidos en el volumen Narrativa breve (2005); y la extensa cr\u00f3nica Tierra del Fuego. Una biograf\u00eda del fin del mundo (2009, con fotos de Florian Von Der Fecht). Es autora de las novelas El Parque (1996); La tierra del fuego (1998, \u201cLibro del A\u00f1o\u201d, Feria del Libro de Buenos Aires; Premio Sor Juana In\u00e9s de la Cruz, M\u00e9xico); El muchacho de los senos de goma (2007), La orfandad (2010) y Encuentro con Munch (2013, Premio Konex de Platino en 2014). En 2015 public\u00f3 el libro de textos cortos Del d\u00eda y de la noche, Ed. Galerna). Recibi\u00f3 la distinci\u00f3n \u201cEsteban Echeverr\u00eda\u201d a la trayectoria. Su obra ha sido traducida a diez idiomas. Su \u00faltimo libro, La vida invisible, apareci\u00f3 en abril de 2018. Desde hace muchos a\u00f1os, dicta un Seminario de Posgrado en la Facultad de Filosof\u00eda y Letras de la UBA.<\/p>\n<p><iframe data-src=\"https:\/\/www.facebook.com\/plugins\/video.php?href=https%3A%2F%2Fwww.facebook.com%2Feldiario.desanpedro%2Fvideos%2F329911804429575%2F&#038;show_text=0&#038;width=560\" width=\"560\" height=\"315\" style=\"border:none;overflow:hidden\" scrolling=\"no\" frameborder=\"0\" allowTransparency=\"true\" allowFullScreen=\"true\" src=\"data:image\/svg+xml;base64,PHN2ZyB3aWR0aD0iMSIgaGVpZ2h0PSIxIiB4bWxucz0iaHR0cDovL3d3dy53My5vcmcvMjAwMC9zdmciPjwvc3ZnPg==\" class=\"lazyload\" data-load-mode=\"1\"><\/iframe><\/p>\n","protected":false},"excerpt":{"rendered":"<p>La Direcci\u00f3n de Cultura de la Municipalidad de San Pedro y La Casa de Abelardo Castillo, declarada de Inter\u00e9s Cultural para la Comuna de San Pedro, lo invitan a participar del \u201cSeminario de Literatura Argentina\u201d dictado por la Escritora Sylvia Iparraguirre. El seminario tiene una duraci\u00f3n de 12 horas, las cuales se distribuir\u00e1n en 4 [&hellip;]<\/p>\n","protected":false},"author":4,"featured_media":40791,"comment_status":"open","ping_status":"closed","sticky":false,"template":"","format":"standard","meta":{"om_disable_all_campaigns":false,"_jetpack_memberships_contains_paid_content":false,"footnotes":""},"categories":[101,2],"tags":[],"class_list":["post-40790","post","type-post","status-publish","format-standard","has-post-thumbnail","hentry","category-interes-general-locales","category-locales"],"aioseo_notices":[],"gutentor_comment":0,"jetpack_featured_media_url":"https:\/\/eldiariodesanpedro.com.ar\/sitio\/wp-content\/uploads\/2018\/09\/20180924_104801-e1537804921619.jpg","jetpack_shortlink":"https:\/\/wp.me\/p6RhLt-aBU","jetpack_sharing_enabled":true,"_links":{"self":[{"href":"https:\/\/eldiariodesanpedro.com.ar\/sitio\/wp-json\/wp\/v2\/posts\/40790","targetHints":{"allow":["GET"]}}],"collection":[{"href":"https:\/\/eldiariodesanpedro.com.ar\/sitio\/wp-json\/wp\/v2\/posts"}],"about":[{"href":"https:\/\/eldiariodesanpedro.com.ar\/sitio\/wp-json\/wp\/v2\/types\/post"}],"author":[{"embeddable":true,"href":"https:\/\/eldiariodesanpedro.com.ar\/sitio\/wp-json\/wp\/v2\/users\/4"}],"replies":[{"embeddable":true,"href":"https:\/\/eldiariodesanpedro.com.ar\/sitio\/wp-json\/wp\/v2\/comments?post=40790"}],"version-history":[{"count":1,"href":"https:\/\/eldiariodesanpedro.com.ar\/sitio\/wp-json\/wp\/v2\/posts\/40790\/revisions"}],"predecessor-version":[{"id":40793,"href":"https:\/\/eldiariodesanpedro.com.ar\/sitio\/wp-json\/wp\/v2\/posts\/40790\/revisions\/40793"}],"wp:featuredmedia":[{"embeddable":true,"href":"https:\/\/eldiariodesanpedro.com.ar\/sitio\/wp-json\/wp\/v2\/media\/40791"}],"wp:attachment":[{"href":"https:\/\/eldiariodesanpedro.com.ar\/sitio\/wp-json\/wp\/v2\/media?parent=40790"}],"wp:term":[{"taxonomy":"category","embeddable":true,"href":"https:\/\/eldiariodesanpedro.com.ar\/sitio\/wp-json\/wp\/v2\/categories?post=40790"},{"taxonomy":"post_tag","embeddable":true,"href":"https:\/\/eldiariodesanpedro.com.ar\/sitio\/wp-json\/wp\/v2\/tags?post=40790"}],"curies":[{"name":"wp","href":"https:\/\/api.w.org\/{rel}","templated":true}]}}