{"id":40786,"date":"2018-09-24T10:17:30","date_gmt":"2018-09-24T13:17:30","guid":{"rendered":"https:\/\/eldiariodesanpedro.com.ar\/sitio\/?p=40786"},"modified":"2018-09-24T10:17:30","modified_gmt":"2018-09-24T13:17:30","slug":"tres-accidentes-se-produjeron-en-la-tarde-del-domingo","status":"publish","type":"post","link":"https:\/\/eldiariodesanpedro.com.ar\/sitio\/tres-accidentes-se-produjeron-en-la-tarde-del-domingo\/","title":{"rendered":"Tres accidentes se produjeron en la tarde del domingo"},"content":{"rendered":"<p><!-- VideographyWP Plugin Message: Automatic video embedding prevented by plugin options. --><br \/>\nEste domingo por la tarde, personal policial intervino en tres accidentes de tr\u00e1nsito, uno de ellos fue en la localidad vecina de Gobernador Castro. Las victimas fueron todas trasladadas por el SAME a la Guardia del Hospital, solo un caso fue de car\u00e1cter grave con fractura triple en el macizo facial.<\/p>\n<p>La primera intervenci\u00f3n se produjo en intersecci\u00f3n de calle Ruiz Moreno y Nuestra Se\u00f1ora del Socorro, donde por causa que se tratasen de establecer, colisiona un autom\u00f3vil VW negro, conducido por un ciudadano de 30 a\u00f1os de edad, con una motocicleta Zanella 150 cc, conducido por otro hombre de 31. Como Consecuencias el  conductor del rodado menor, fue trasladado al nosocomio local donde el medico de guardia dictamina lesiones de car\u00e1cter leves. <\/p>\n<p>La segunda, alrededor de las 17hs, se comision\u00f3 m\u00f3vil policial a intersecci\u00f3n de calle 3 de Febrero y Crucero General Belgrano, donde una motocicleta 150 cc conducida por un joven de 25 y como acompa\u00f1ante una mujer de 28, pierden el control y caen. Como consecuencias ambos son trasladados al  nosocomio local, donde se informa que la mujer posee lesiones de car\u00e1cter leves, excoriaciones varias y corte en mu\u00f1eca derecha. En cuanto al conductor presenta dolencias en rodilla.<\/p>\n<p>Por ultimo, a las 19:30 horas,  personal del Destacamento de Gobernador Castro, se comisiona hasta Camino Guzzo de la localidad, donde se produjo perdida de equilibrio y ca\u00edda de una motocicleta 110 cc, en  circunstancias que era guiada por un ciudadano de 38, encontr\u00e1ndose como acompa\u00f1ante una joven de 23. Como consecuencia el conductor resulta lesionado trasladado al  Hospital Emilio Ruffa, presentando fractura triple en el macizo facial, mientras que la acompa\u00f1ante resulta ilesa.<\/p>\n","protected":false},"excerpt":{"rendered":"<p>Este domingo por la tarde, personal policial intervino en tres accidentes de tr\u00e1nsito, uno de ellos fue en la localidad vecina de Gobernador Castro. Las victimas fueron todas trasladadas por el SAME a la Guardia del Hospital, solo un caso fue de car\u00e1cter grave con fractura triple en el macizo facial. La primera intervenci\u00f3n se [&hellip;]<\/p>\n","protected":false},"author":4,"featured_media":27202,"comment_status":"open","ping_status":"closed","sticky":false,"template":"","format":"standard","meta":{"om_disable_all_campaigns":false,"_jetpack_memberships_contains_paid_content":false,"footnotes":""},"categories":[2,103],"tags":[],"class_list":["post-40786","post","type-post","status-publish","format-standard","has-post-thumbnail","hentry","category-locales","category-policiales-locales"],"aioseo_notices":[],"gutentor_comment":0,"jetpack_featured_media_url":"https:\/\/eldiariodesanpedro.com.ar\/sitio\/wp-content\/uploads\/2017\/12\/ambulancia-same-provincia.jpg","jetpack_shortlink":"https:\/\/wp.me\/p6RhLt-aBQ","jetpack_sharing_enabled":true,"_links":{"self":[{"href":"https:\/\/eldiariodesanpedro.com.ar\/sitio\/wp-json\/wp\/v2\/posts\/40786","targetHints":{"allow":["GET"]}}],"collection":[{"href":"https:\/\/eldiariodesanpedro.com.ar\/sitio\/wp-json\/wp\/v2\/posts"}],"about":[{"href":"https:\/\/eldiariodesanpedro.com.ar\/sitio\/wp-json\/wp\/v2\/types\/post"}],"author":[{"embeddable":true,"href":"https:\/\/eldiariodesanpedro.com.ar\/sitio\/wp-json\/wp\/v2\/users\/4"}],"replies":[{"embeddable":true,"href":"https:\/\/eldiariodesanpedro.com.ar\/sitio\/wp-json\/wp\/v2\/comments?post=40786"}],"version-history":[{"count":1,"href":"https:\/\/eldiariodesanpedro.com.ar\/sitio\/wp-json\/wp\/v2\/posts\/40786\/revisions"}],"predecessor-version":[{"id":40789,"href":"https:\/\/eldiariodesanpedro.com.ar\/sitio\/wp-json\/wp\/v2\/posts\/40786\/revisions\/40789"}],"wp:featuredmedia":[{"embeddable":true,"href":"https:\/\/eldiariodesanpedro.com.ar\/sitio\/wp-json\/wp\/v2\/media\/27202"}],"wp:attachment":[{"href":"https:\/\/eldiariodesanpedro.com.ar\/sitio\/wp-json\/wp\/v2\/media?parent=40786"}],"wp:term":[{"taxonomy":"category","embeddable":true,"href":"https:\/\/eldiariodesanpedro.com.ar\/sitio\/wp-json\/wp\/v2\/categories?post=40786"},{"taxonomy":"post_tag","embeddable":true,"href":"https:\/\/eldiariodesanpedro.com.ar\/sitio\/wp-json\/wp\/v2\/tags?post=40786"}],"curies":[{"name":"wp","href":"https:\/\/api.w.org\/{rel}","templated":true}]}}