{"id":40783,"date":"2018-09-24T10:03:29","date_gmt":"2018-09-24T13:03:29","guid":{"rendered":"https:\/\/eldiariodesanpedro.com.ar\/sitio\/?p=40783"},"modified":"2018-09-24T10:03:29","modified_gmt":"2018-09-24T13:03:29","slug":"nueva-edicion-del-canaletas-rock","status":"publish","type":"post","link":"https:\/\/eldiariodesanpedro.com.ar\/sitio\/nueva-edicion-del-canaletas-rock\/","title":{"rendered":"Nueva edici\u00f3n del Canaletas Rock"},"content":{"rendered":"<p><!-- VideographyWP Plugin Message: Automatic video embedding prevented by plugin options. --><br \/>\nEl s\u00e1bado 6 de octubre se realizar\u00e1 la edici\u00f3n n\u00famero 22 del Canaletas Rock, con bandas locales invitadas como Etruscos, La Carpincho Rock and Blues, Tick Toper, Camalotal, entre otras.<\/p>\n<p>Como todos los a\u00f1os la Municipalidad de San Pedro compa\u00f1a a la actividad coordinada por la Comisi\u00f3n de Cultura y es auspiciada con parte del Fondo de Promoci\u00f3n Cultural del HCD.<\/p>\n<p>La grilla comienza a las 14 hs. Y la entrada es libre con la entrega de un alimento no perecedero a beneficio del Merendero Benefactora.<\/p>\n","protected":false},"excerpt":{"rendered":"<p>El s\u00e1bado 6 de octubre se realizar\u00e1 la edici\u00f3n n\u00famero 22 del Canaletas Rock, con bandas locales invitadas como Etruscos, La Carpincho Rock and Blues, Tick Toper, Camalotal, entre otras. Como todos los a\u00f1os la Municipalidad de San Pedro compa\u00f1a a la actividad coordinada por la Comisi\u00f3n de Cultura y es auspiciada con parte del [&hellip;]<\/p>\n","protected":false},"author":4,"featured_media":40785,"comment_status":"open","ping_status":"closed","sticky":false,"template":"","format":"standard","meta":{"om_disable_all_campaigns":false,"_jetpack_memberships_contains_paid_content":false,"footnotes":""},"categories":[101,2],"tags":[],"class_list":["post-40783","post","type-post","status-publish","format-standard","has-post-thumbnail","hentry","category-interes-general-locales","category-locales"],"aioseo_notices":[],"gutentor_comment":0,"jetpack_featured_media_url":"https:\/\/eldiariodesanpedro.com.ar\/sitio\/wp-content\/uploads\/2018\/09\/Can.jpg","jetpack_shortlink":"https:\/\/wp.me\/p6RhLt-aBN","jetpack_sharing_enabled":true,"_links":{"self":[{"href":"https:\/\/eldiariodesanpedro.com.ar\/sitio\/wp-json\/wp\/v2\/posts\/40783","targetHints":{"allow":["GET"]}}],"collection":[{"href":"https:\/\/eldiariodesanpedro.com.ar\/sitio\/wp-json\/wp\/v2\/posts"}],"about":[{"href":"https:\/\/eldiariodesanpedro.com.ar\/sitio\/wp-json\/wp\/v2\/types\/post"}],"author":[{"embeddable":true,"href":"https:\/\/eldiariodesanpedro.com.ar\/sitio\/wp-json\/wp\/v2\/users\/4"}],"replies":[{"embeddable":true,"href":"https:\/\/eldiariodesanpedro.com.ar\/sitio\/wp-json\/wp\/v2\/comments?post=40783"}],"version-history":[{"count":1,"href":"https:\/\/eldiariodesanpedro.com.ar\/sitio\/wp-json\/wp\/v2\/posts\/40783\/revisions"}],"predecessor-version":[{"id":40787,"href":"https:\/\/eldiariodesanpedro.com.ar\/sitio\/wp-json\/wp\/v2\/posts\/40783\/revisions\/40787"}],"wp:featuredmedia":[{"embeddable":true,"href":"https:\/\/eldiariodesanpedro.com.ar\/sitio\/wp-json\/wp\/v2\/media\/40785"}],"wp:attachment":[{"href":"https:\/\/eldiariodesanpedro.com.ar\/sitio\/wp-json\/wp\/v2\/media?parent=40783"}],"wp:term":[{"taxonomy":"category","embeddable":true,"href":"https:\/\/eldiariodesanpedro.com.ar\/sitio\/wp-json\/wp\/v2\/categories?post=40783"},{"taxonomy":"post_tag","embeddable":true,"href":"https:\/\/eldiariodesanpedro.com.ar\/sitio\/wp-json\/wp\/v2\/tags?post=40783"}],"curies":[{"name":"wp","href":"https:\/\/api.w.org\/{rel}","templated":true}]}}