{"id":40775,"date":"2018-09-24T09:56:32","date_gmt":"2018-09-24T12:56:32","guid":{"rendered":"https:\/\/eldiariodesanpedro.com.ar\/sitio\/?p=40775"},"modified":"2018-09-24T09:56:32","modified_gmt":"2018-09-24T12:56:32","slug":"ingresaron-a-su-casa-y-le-robaron-150-000","status":"publish","type":"post","link":"https:\/\/eldiariodesanpedro.com.ar\/sitio\/ingresaron-a-su-casa-y-le-robaron-150-000\/","title":{"rendered":"Ingresaron a su casa y le robaron $150.000"},"content":{"rendered":"<p><!-- VideographyWP Plugin Message: Automatic video embedding prevented by plugin options. --><br \/>\nEl hecho delictivo se produjo en la vivienda ubicada sobre calle Arnaldo al 1300, cuando delincuentes ingresaron y se llevaron alhajas y dinero en efectivo en moneda nacional (150.000).<\/p>\n<p>Seg\u00fan cuenta el propietario que denunci\u00f3 en la Dependencia local, que al llegar a su casa la puerta trasera estaba abierta. Interviene la Fiscal\u00eda N\u00ba5, Polic\u00eda Cient\u00edfica y toma intervenci\u00f3n a la DDI.<\/p>\n","protected":false},"excerpt":{"rendered":"<p>El hecho delictivo se produjo en la vivienda ubicada sobre calle Arnaldo al 1300, cuando delincuentes ingresaron y se llevaron alhajas y dinero en efectivo en moneda nacional (150.000). Seg\u00fan cuenta el propietario que denunci\u00f3 en la Dependencia local, que al llegar a su casa la puerta trasera estaba abierta. Interviene la Fiscal\u00eda N\u00ba5, Polic\u00eda [&hellip;]<\/p>\n","protected":false},"author":4,"featured_media":24562,"comment_status":"open","ping_status":"closed","sticky":false,"template":"","format":"standard","meta":{"om_disable_all_campaigns":false,"_jetpack_memberships_contains_paid_content":false,"footnotes":""},"categories":[2,103],"tags":[],"class_list":["post-40775","post","type-post","status-publish","format-standard","has-post-thumbnail","hentry","category-locales","category-policiales-locales"],"aioseo_notices":[],"gutentor_comment":0,"jetpack_featured_media_url":"https:\/\/eldiariodesanpedro.com.ar\/sitio\/wp-content\/uploads\/2017\/10\/policia-patrulla-noche.jpg","jetpack_shortlink":"https:\/\/wp.me\/p6RhLt-aBF","jetpack_sharing_enabled":true,"_links":{"self":[{"href":"https:\/\/eldiariodesanpedro.com.ar\/sitio\/wp-json\/wp\/v2\/posts\/40775","targetHints":{"allow":["GET"]}}],"collection":[{"href":"https:\/\/eldiariodesanpedro.com.ar\/sitio\/wp-json\/wp\/v2\/posts"}],"about":[{"href":"https:\/\/eldiariodesanpedro.com.ar\/sitio\/wp-json\/wp\/v2\/types\/post"}],"author":[{"embeddable":true,"href":"https:\/\/eldiariodesanpedro.com.ar\/sitio\/wp-json\/wp\/v2\/users\/4"}],"replies":[{"embeddable":true,"href":"https:\/\/eldiariodesanpedro.com.ar\/sitio\/wp-json\/wp\/v2\/comments?post=40775"}],"version-history":[{"count":1,"href":"https:\/\/eldiariodesanpedro.com.ar\/sitio\/wp-json\/wp\/v2\/posts\/40775\/revisions"}],"predecessor-version":[{"id":40780,"href":"https:\/\/eldiariodesanpedro.com.ar\/sitio\/wp-json\/wp\/v2\/posts\/40775\/revisions\/40780"}],"wp:featuredmedia":[{"embeddable":true,"href":"https:\/\/eldiariodesanpedro.com.ar\/sitio\/wp-json\/wp\/v2\/media\/24562"}],"wp:attachment":[{"href":"https:\/\/eldiariodesanpedro.com.ar\/sitio\/wp-json\/wp\/v2\/media?parent=40775"}],"wp:term":[{"taxonomy":"category","embeddable":true,"href":"https:\/\/eldiariodesanpedro.com.ar\/sitio\/wp-json\/wp\/v2\/categories?post=40775"},{"taxonomy":"post_tag","embeddable":true,"href":"https:\/\/eldiariodesanpedro.com.ar\/sitio\/wp-json\/wp\/v2\/tags?post=40775"}],"curies":[{"name":"wp","href":"https:\/\/api.w.org\/{rel}","templated":true}]}}