{"id":40772,"date":"2018-09-24T09:45:51","date_gmt":"2018-09-24T12:45:51","guid":{"rendered":"https:\/\/eldiariodesanpedro.com.ar\/sitio\/?p=40772"},"modified":"2018-09-24T09:45:51","modified_gmt":"2018-09-24T12:45:51","slug":"una-menor-de-14-anos-agredida-por-otras-dos-menores","status":"publish","type":"post","link":"https:\/\/eldiariodesanpedro.com.ar\/sitio\/una-menor-de-14-anos-agredida-por-otras-dos-menores\/","title":{"rendered":"Una menor de 14 a\u00f1os agredida por otras dos menores"},"content":{"rendered":"<p><!-- VideographyWP Plugin Message: Automatic video embedding prevented by plugin options. --><br \/>\nEste domingo , pasada  el mediod\u00eda una mujer de 38 a\u00f1os de edad, denuncio en la Comisaria Local que su hija de 14 a\u00f1os hab\u00eda sido agredida por otras dos menores.<\/p>\n<p>El hecho ocurri\u00f3 cuando siendo las  06:hs aproximadamente, momento en que se dirig\u00eda a buscar a su hija sobre calle G\u00fcemes al 360, se encuentra con dos menores a las que reconoce, que le estaban propinando golpes de pu\u00f1o, pudiendo separarlas luego, trasladando a su hija a nosocomio local  por presentar dolor.<\/p>\n<p>Interviene la Fiscalia N\u00ba5.<\/p>\n","protected":false},"excerpt":{"rendered":"<p>Este domingo , pasada el mediod\u00eda una mujer de 38 a\u00f1os de edad, denuncio en la Comisaria Local que su hija de 14 a\u00f1os hab\u00eda sido agredida por otras dos menores. El hecho ocurri\u00f3 cuando siendo las 06:hs aproximadamente, momento en que se dirig\u00eda a buscar a su hija sobre calle G\u00fcemes al 360, se [&hellip;]<\/p>\n","protected":false},"author":4,"featured_media":34429,"comment_status":"open","ping_status":"closed","sticky":false,"template":"","format":"standard","meta":{"om_disable_all_campaigns":false,"_jetpack_memberships_contains_paid_content":false,"footnotes":""},"categories":[2,103],"tags":[],"class_list":["post-40772","post","type-post","status-publish","format-standard","has-post-thumbnail","hentry","category-locales","category-policiales-locales"],"aioseo_notices":[],"gutentor_comment":0,"jetpack_featured_media_url":"https:\/\/eldiariodesanpedro.com.ar\/sitio\/wp-content\/uploads\/2018\/06\/comisaria_17.jpg","jetpack_shortlink":"https:\/\/wp.me\/p6RhLt-aBC","jetpack_sharing_enabled":true,"_links":{"self":[{"href":"https:\/\/eldiariodesanpedro.com.ar\/sitio\/wp-json\/wp\/v2\/posts\/40772","targetHints":{"allow":["GET"]}}],"collection":[{"href":"https:\/\/eldiariodesanpedro.com.ar\/sitio\/wp-json\/wp\/v2\/posts"}],"about":[{"href":"https:\/\/eldiariodesanpedro.com.ar\/sitio\/wp-json\/wp\/v2\/types\/post"}],"author":[{"embeddable":true,"href":"https:\/\/eldiariodesanpedro.com.ar\/sitio\/wp-json\/wp\/v2\/users\/4"}],"replies":[{"embeddable":true,"href":"https:\/\/eldiariodesanpedro.com.ar\/sitio\/wp-json\/wp\/v2\/comments?post=40772"}],"version-history":[{"count":1,"href":"https:\/\/eldiariodesanpedro.com.ar\/sitio\/wp-json\/wp\/v2\/posts\/40772\/revisions"}],"predecessor-version":[{"id":40774,"href":"https:\/\/eldiariodesanpedro.com.ar\/sitio\/wp-json\/wp\/v2\/posts\/40772\/revisions\/40774"}],"wp:featuredmedia":[{"embeddable":true,"href":"https:\/\/eldiariodesanpedro.com.ar\/sitio\/wp-json\/wp\/v2\/media\/34429"}],"wp:attachment":[{"href":"https:\/\/eldiariodesanpedro.com.ar\/sitio\/wp-json\/wp\/v2\/media?parent=40772"}],"wp:term":[{"taxonomy":"category","embeddable":true,"href":"https:\/\/eldiariodesanpedro.com.ar\/sitio\/wp-json\/wp\/v2\/categories?post=40772"},{"taxonomy":"post_tag","embeddable":true,"href":"https:\/\/eldiariodesanpedro.com.ar\/sitio\/wp-json\/wp\/v2\/tags?post=40772"}],"curies":[{"name":"wp","href":"https:\/\/api.w.org\/{rel}","templated":true}]}}