{"id":40770,"date":"2018-09-24T09:34:10","date_gmt":"2018-09-24T12:34:10","guid":{"rendered":"https:\/\/eldiariodesanpedro.com.ar\/sitio\/?p=40770"},"modified":"2018-09-24T09:34:10","modified_gmt":"2018-09-24T12:34:10","slug":"dos-denuncias-por-amenazas-de-muerte-a-mujeres","status":"publish","type":"post","link":"https:\/\/eldiariodesanpedro.com.ar\/sitio\/dos-denuncias-por-amenazas-de-muerte-a-mujeres\/","title":{"rendered":"Dos denuncias por amenazas de muerte a mujeres"},"content":{"rendered":"<p><!-- VideographyWP Plugin Message: Automatic video embedding prevented by plugin options. --><br \/>\nDurante el domingo se ratificaron dos denuncias en la sede policial por amenazas de muerte a una mujer de 56 a\u00f1os de edad junto a su hijo, y a una joven de 22. Ambas se encontraban en su domicilio al momento del hecho.<\/p>\n<p>La primera se produjo alrededor de las 13hs, cuando una ciudadana mayor denunciaba que se encontraba junto a su hijo, momentos en que estaban afuera de su vivienda donde se le aproxima un hombre, a quien reconocen y les refiere amenazas de muerte portando en sus manos un ca\u00f1o simil a tumbera.<\/p>\n<p>Seg\u00fan la denunciante tienen problemas de antigua data con el agresor con su hijo por una motocicleta que fuera sustra\u00edda y recuperada por ellos.<\/p>\n<p>Luego a las 17hs una joven de 22 denuncio que momentos en que se encontraba sobre calle Basavilbaso al 90, un hombre a bordo de una motocicleta pasa por el frente exhibiendo su arma de fuego de forma intimidatoria continuando su circulaci\u00f3n, volviendo a los minutos con otro sujeto, situaci\u00f3n en que rompen parabrisas de su autom\u00f3vil cual se hallaba estacionado sobre calle.<\/p>\n<p>Seg\u00fan la denunciante dice tener problemas de antigua data familiares, referente a relaci\u00f3n de padre de denunciante con ex mujer de imputado.<\/p>\n","protected":false},"excerpt":{"rendered":"<p>Durante el domingo se ratificaron dos denuncias en la sede policial por amenazas de muerte a una mujer de 56 a\u00f1os de edad junto a su hijo, y a una joven de 22. Ambas se encontraban en su domicilio al momento del hecho. La primera se produjo alrededor de las 13hs, cuando una ciudadana mayor [&hellip;]<\/p>\n","protected":false},"author":4,"featured_media":32908,"comment_status":"open","ping_status":"closed","sticky":false,"template":"","format":"standard","meta":{"om_disable_all_campaigns":false,"_jetpack_memberships_contains_paid_content":false,"footnotes":""},"categories":[2,103],"tags":[],"class_list":["post-40770","post","type-post","status-publish","format-standard","has-post-thumbnail","hentry","category-locales","category-policiales-locales"],"aioseo_notices":[],"gutentor_comment":0,"jetpack_featured_media_url":"https:\/\/eldiariodesanpedro.com.ar\/sitio\/wp-content\/uploads\/2018\/05\/patrullero-nuevo_3.jpg","jetpack_shortlink":"https:\/\/wp.me\/p6RhLt-aBA","jetpack_sharing_enabled":true,"_links":{"self":[{"href":"https:\/\/eldiariodesanpedro.com.ar\/sitio\/wp-json\/wp\/v2\/posts\/40770","targetHints":{"allow":["GET"]}}],"collection":[{"href":"https:\/\/eldiariodesanpedro.com.ar\/sitio\/wp-json\/wp\/v2\/posts"}],"about":[{"href":"https:\/\/eldiariodesanpedro.com.ar\/sitio\/wp-json\/wp\/v2\/types\/post"}],"author":[{"embeddable":true,"href":"https:\/\/eldiariodesanpedro.com.ar\/sitio\/wp-json\/wp\/v2\/users\/4"}],"replies":[{"embeddable":true,"href":"https:\/\/eldiariodesanpedro.com.ar\/sitio\/wp-json\/wp\/v2\/comments?post=40770"}],"version-history":[{"count":1,"href":"https:\/\/eldiariodesanpedro.com.ar\/sitio\/wp-json\/wp\/v2\/posts\/40770\/revisions"}],"predecessor-version":[{"id":40771,"href":"https:\/\/eldiariodesanpedro.com.ar\/sitio\/wp-json\/wp\/v2\/posts\/40770\/revisions\/40771"}],"wp:featuredmedia":[{"embeddable":true,"href":"https:\/\/eldiariodesanpedro.com.ar\/sitio\/wp-json\/wp\/v2\/media\/32908"}],"wp:attachment":[{"href":"https:\/\/eldiariodesanpedro.com.ar\/sitio\/wp-json\/wp\/v2\/media?parent=40770"}],"wp:term":[{"taxonomy":"category","embeddable":true,"href":"https:\/\/eldiariodesanpedro.com.ar\/sitio\/wp-json\/wp\/v2\/categories?post=40770"},{"taxonomy":"post_tag","embeddable":true,"href":"https:\/\/eldiariodesanpedro.com.ar\/sitio\/wp-json\/wp\/v2\/tags?post=40770"}],"curies":[{"name":"wp","href":"https:\/\/api.w.org\/{rel}","templated":true}]}}