{"id":40768,"date":"2018-09-24T09:16:55","date_gmt":"2018-09-24T12:16:55","guid":{"rendered":"https:\/\/eldiariodesanpedro.com.ar\/sitio\/?p=40768"},"modified":"2018-09-24T09:16:55","modified_gmt":"2018-09-24T12:16:55","slug":"un-ex-policia-exibio-sus-partes-intimas-a-una-nena-y-fue-agredido-por-vecinos","status":"publish","type":"post","link":"https:\/\/eldiariodesanpedro.com.ar\/sitio\/un-ex-policia-exibio-sus-partes-intimas-a-una-nena-y-fue-agredido-por-vecinos\/","title":{"rendered":"Un ex policia exibio sus partes intimas a una nena y fue agredido por vecinos"},"content":{"rendered":"<p><!-- VideographyWP Plugin Message: Automatic video embedding prevented by plugin options. --><br \/>\nEl ex polic\u00eda, tiene antecedentes por exhibiciones obscenas, hab\u00eda sido apartado en 2016 de la fuerza y fue reconocido por familiares de la ni\u00f1a. Fue aprehendido en su domicilio de calle Bozzano donde mas de 40 personas se hab\u00edan juntado para agredirlo. <\/p>\n<p>Fue de p\u00fablico conocimiento que este domingo la mam\u00e1 de una nena de 12 a\u00f1os publicara en las redes sociales la foto de un hombre de 30 a\u00f1os a la que decia: \u00abAca esta el viol\u00edn hdp que le mostr\u00f3 sus genitales a mi hermanita de 12 a\u00f1os en el Kiosco, .. gente ojo tengan cuidado, ya tiene antecedentes, cuiden a sus hijos &#8230; \u00ab.<\/p>\n<p>El hecho ocurri\u00f3 el sabado alrededor de las 20hs, el acusado salia de un Kiosco y sorprendentemente le mostr\u00f3 sus genitales a una nena de 12 a\u00f1os que se encontraba afuera; el d\u00eda domingo, luego de reconocer a esta persona, por tener antecedentes de acoso, exhibiciones obscenas, por ser numerario policial en el 2016, fue f\u00e1cil identificarlo y entre vecinos, familiares de la v\u00edctima lograron que la polic\u00eda acuda al lugar donde estaba a punto de producirse un linchamiento.<\/p>\n<p>Varios m\u00f3viles se comisionaron a la vivienda ubicada en Bozzano al 855, donde aproximadamente 40 personas intentaron agredir a quien acusan de haber exhibido sus partes \u00edntimas a la  menor de edad. Fue aprehendido y trasladado a la sede policial donde la fiscal\u00eda orden\u00f3 que se lo notifique y deje en libertad pero al parecer hay mas victimas menores que ayudar\u00edan a una investigaci\u00f3n m\u00e1s profunda y al aislamiento que se necesita con quienes practican conductas de perversi\u00f3n sexual. <\/p>\n","protected":false},"excerpt":{"rendered":"<p>El ex polic\u00eda, tiene antecedentes por exhibiciones obscenas, hab\u00eda sido apartado en 2016 de la fuerza y fue reconocido por familiares de la ni\u00f1a. Fue aprehendido en su domicilio de calle Bozzano donde mas de 40 personas se hab\u00edan juntado para agredirlo. Fue de p\u00fablico conocimiento que este domingo la mam\u00e1 de una nena de [&hellip;]<\/p>\n","protected":false},"author":4,"featured_media":13371,"comment_status":"open","ping_status":"closed","sticky":false,"template":"","format":"standard","meta":{"om_disable_all_campaigns":false,"_jetpack_memberships_contains_paid_content":false,"footnotes":""},"categories":[50,2,103],"tags":[],"class_list":["post-40768","post","type-post","status-publish","format-standard","has-post-thumbnail","hentry","category-destacadas","category-locales","category-policiales-locales"],"aioseo_notices":[],"gutentor_comment":0,"jetpack_featured_media_url":"https:\/\/eldiariodesanpedro.com.ar\/sitio\/wp-content\/uploads\/2017\/01\/Patrulla-3-e1485286104708.jpg","jetpack_shortlink":"https:\/\/wp.me\/p6RhLt-aBy","jetpack_sharing_enabled":true,"_links":{"self":[{"href":"https:\/\/eldiariodesanpedro.com.ar\/sitio\/wp-json\/wp\/v2\/posts\/40768","targetHints":{"allow":["GET"]}}],"collection":[{"href":"https:\/\/eldiariodesanpedro.com.ar\/sitio\/wp-json\/wp\/v2\/posts"}],"about":[{"href":"https:\/\/eldiariodesanpedro.com.ar\/sitio\/wp-json\/wp\/v2\/types\/post"}],"author":[{"embeddable":true,"href":"https:\/\/eldiariodesanpedro.com.ar\/sitio\/wp-json\/wp\/v2\/users\/4"}],"replies":[{"embeddable":true,"href":"https:\/\/eldiariodesanpedro.com.ar\/sitio\/wp-json\/wp\/v2\/comments?post=40768"}],"version-history":[{"count":1,"href":"https:\/\/eldiariodesanpedro.com.ar\/sitio\/wp-json\/wp\/v2\/posts\/40768\/revisions"}],"predecessor-version":[{"id":40769,"href":"https:\/\/eldiariodesanpedro.com.ar\/sitio\/wp-json\/wp\/v2\/posts\/40768\/revisions\/40769"}],"wp:featuredmedia":[{"embeddable":true,"href":"https:\/\/eldiariodesanpedro.com.ar\/sitio\/wp-json\/wp\/v2\/media\/13371"}],"wp:attachment":[{"href":"https:\/\/eldiariodesanpedro.com.ar\/sitio\/wp-json\/wp\/v2\/media?parent=40768"}],"wp:term":[{"taxonomy":"category","embeddable":true,"href":"https:\/\/eldiariodesanpedro.com.ar\/sitio\/wp-json\/wp\/v2\/categories?post=40768"},{"taxonomy":"post_tag","embeddable":true,"href":"https:\/\/eldiariodesanpedro.com.ar\/sitio\/wp-json\/wp\/v2\/tags?post=40768"}],"curies":[{"name":"wp","href":"https:\/\/api.w.org\/{rel}","templated":true}]}}