{"id":40762,"date":"2018-09-23T20:55:09","date_gmt":"2018-09-23T23:55:09","guid":{"rendered":"https:\/\/eldiariodesanpedro.com.ar\/sitio\/?p=40762"},"modified":"2018-09-23T20:55:09","modified_gmt":"2018-09-23T23:55:09","slug":"el-jugador-francisco-ramis-evoluciona-bien","status":"publish","type":"post","link":"https:\/\/eldiariodesanpedro.com.ar\/sitio\/el-jugador-francisco-ramis-evoluciona-bien\/","title":{"rendered":"El jugador Francisco Ramis evoluciona bien"},"content":{"rendered":"<p><!-- VideographyWP Plugin Message: Automatic video embedding prevented by plugin options. --><br \/>\nEl mediocampista del C. A. Mitre se descompens\u00f3 posteriormente al partido que disput\u00f3 ante Defensores y debi\u00f3 ser intervenido quir\u00fargicamente de urgencia.  <\/p>\n<p>  Las primeras noticias generaron preocupaci\u00f3n. El volante del Club Atl\u00e9tico Mitre, Francisco Ramis, sufri\u00f3 una grave lesi\u00f3n durante el partido que su equipo disput\u00f3 contra Defensores Unidos por el Torneo de la Liga Deportiva Sampedrina.<br \/>\n  Nadie, ni el propio jugador, advirti\u00f3 que un golpe sufrido durante una jugada normal de partido le ocasionar\u00eda la lesi\u00f3n. Ramis culmin\u00f3 el partido y junto a todo el plantel se dirigi\u00f3 al Club, aunque a algunos compa\u00f1eros le hab\u00eda confiado que le dol\u00eda la zona costal.<br \/>\n  Posteriormente, ya en su domicilio, el dolor se fue agudizando y junto a su familia decidieron hacer la consulta m\u00e9dica correspondiente. En la Cl\u00ednica San Pedro advirtieron que presentaba una lesi\u00f3n en el h\u00edgado y se decidi\u00f3 intervenirlo quir\u00fargicamente de urgencia, ya que se sospechaba que podr\u00eda tener una perforaci\u00f3n.<br \/>\n  La cirug\u00eda fue un \u00e9xito y se constat\u00f3 que s\u00f3lo hab\u00eda sido el golpe y un sangrado, pero no hab\u00eda otro da\u00f1o. El jugador mostr\u00f3 una buena evoluci\u00f3n y se espera que as\u00ed contin\u00fae, aunque seguramente la lesi\u00f3n lo mantendr\u00e1 alejado varias fechas de las canchas.<br \/>\n  Francisco Ramis es un excelente jugador, de correcto comportamiento dentro y fuera de la cancha y, elegido por el C\u00edrculo de Periodistas Deportivos de la ciudad como el mejor jugador del a\u00f1o. En el verano fue una de las figuras de Paran\u00e1 FC durante la participaci\u00f3n en el Torneo Federal C y fue campe\u00f3n del Torneo Apertura 2018 junto al club de sus amores, el Club Atl\u00e9tico Mitre. <\/p>\n<p>  A trav\u00e9s de las redes sociales Ramis recibi\u00f3 el cari\u00f1oso apoyo de quienes se preocuparon por su estado de salud.<\/p>\n<p>Fuente: San Pedro Informa <\/p>\n","protected":false},"excerpt":{"rendered":"<p>El mediocampista del C. A. Mitre se descompens\u00f3 posteriormente al partido que disput\u00f3 ante Defensores y debi\u00f3 ser intervenido quir\u00fargicamente de urgencia. Las primeras noticias generaron preocupaci\u00f3n. El volante del Club Atl\u00e9tico Mitre, Francisco Ramis, sufri\u00f3 una grave lesi\u00f3n durante el partido que su equipo disput\u00f3 contra Defensores Unidos por el Torneo de la Liga [&hellip;]<\/p>\n","protected":false},"author":4,"featured_media":40763,"comment_status":"open","ping_status":"closed","sticky":false,"template":"","format":"standard","meta":{"om_disable_all_campaigns":false,"_jetpack_memberships_contains_paid_content":false,"footnotes":""},"categories":[101,2],"tags":[],"class_list":["post-40762","post","type-post","status-publish","format-standard","has-post-thumbnail","hentry","category-interes-general-locales","category-locales"],"aioseo_notices":[],"gutentor_comment":0,"jetpack_featured_media_url":"https:\/\/eldiariodesanpedro.com.ar\/sitio\/wp-content\/uploads\/2018\/09\/Francis-Ramis.jpg","jetpack_shortlink":"https:\/\/wp.me\/p6RhLt-aBs","jetpack_sharing_enabled":true,"_links":{"self":[{"href":"https:\/\/eldiariodesanpedro.com.ar\/sitio\/wp-json\/wp\/v2\/posts\/40762","targetHints":{"allow":["GET"]}}],"collection":[{"href":"https:\/\/eldiariodesanpedro.com.ar\/sitio\/wp-json\/wp\/v2\/posts"}],"about":[{"href":"https:\/\/eldiariodesanpedro.com.ar\/sitio\/wp-json\/wp\/v2\/types\/post"}],"author":[{"embeddable":true,"href":"https:\/\/eldiariodesanpedro.com.ar\/sitio\/wp-json\/wp\/v2\/users\/4"}],"replies":[{"embeddable":true,"href":"https:\/\/eldiariodesanpedro.com.ar\/sitio\/wp-json\/wp\/v2\/comments?post=40762"}],"version-history":[{"count":1,"href":"https:\/\/eldiariodesanpedro.com.ar\/sitio\/wp-json\/wp\/v2\/posts\/40762\/revisions"}],"predecessor-version":[{"id":40765,"href":"https:\/\/eldiariodesanpedro.com.ar\/sitio\/wp-json\/wp\/v2\/posts\/40762\/revisions\/40765"}],"wp:featuredmedia":[{"embeddable":true,"href":"https:\/\/eldiariodesanpedro.com.ar\/sitio\/wp-json\/wp\/v2\/media\/40763"}],"wp:attachment":[{"href":"https:\/\/eldiariodesanpedro.com.ar\/sitio\/wp-json\/wp\/v2\/media?parent=40762"}],"wp:term":[{"taxonomy":"category","embeddable":true,"href":"https:\/\/eldiariodesanpedro.com.ar\/sitio\/wp-json\/wp\/v2\/categories?post=40762"},{"taxonomy":"post_tag","embeddable":true,"href":"https:\/\/eldiariodesanpedro.com.ar\/sitio\/wp-json\/wp\/v2\/tags?post=40762"}],"curies":[{"name":"wp","href":"https:\/\/api.w.org\/{rel}","templated":true}]}}