{"id":40761,"date":"2018-09-23T20:54:54","date_gmt":"2018-09-23T23:54:54","guid":{"rendered":"https:\/\/eldiariodesanpedro.com.ar\/sitio\/?p=40761"},"modified":"2018-09-23T20:54:54","modified_gmt":"2018-09-23T23:54:54","slug":"intento-de-robo-de-motocicleta","status":"publish","type":"post","link":"https:\/\/eldiariodesanpedro.com.ar\/sitio\/intento-de-robo-de-motocicleta\/","title":{"rendered":"Intento de robo de motocicleta"},"content":{"rendered":"<p><!-- VideographyWP Plugin Message: Automatic video embedding prevented by plugin options. --><br \/>\nUna mujer de 27 a\u00f1os denunci\u00f3 este s\u00e1bado en la Comisar\u00eda local un intento de robo a un ciclomotor.<\/p>\n<p>  La denunciante se hallaba este s\u00e1bado con un amigo en su domicilio, sito en calle Ansaloni al 1800, cuando escucharon varias detonaciones de arma de fuego. Por tal motivo salieron a la calle constatando que varios masculinos que portaban armas de fuego, intentaban sustraer la motocicleta tipo 110 cc de su amigo que se hallaba estacionada sobre la vereda del domicilio.<\/p>\n<p>  El propietario de la moto forceje\u00f3 con uno de los malvivientes y logr\u00f3 que los sujetos se dieran a la fuga sin lograr su cometido. <\/p>\n","protected":false},"excerpt":{"rendered":"<p>Una mujer de 27 a\u00f1os denunci\u00f3 este s\u00e1bado en la Comisar\u00eda local un intento de robo a un ciclomotor. La denunciante se hallaba este s\u00e1bado con un amigo en su domicilio, sito en calle Ansaloni al 1800, cuando escucharon varias detonaciones de arma de fuego. Por tal motivo salieron a la calle constatando que varios [&hellip;]<\/p>\n","protected":false},"author":4,"featured_media":16986,"comment_status":"open","ping_status":"closed","sticky":false,"template":"","format":"standard","meta":{"om_disable_all_campaigns":false,"_jetpack_memberships_contains_paid_content":false,"footnotes":""},"categories":[2,103],"tags":[],"class_list":["post-40761","post","type-post","status-publish","format-standard","has-post-thumbnail","hentry","category-locales","category-policiales-locales"],"aioseo_notices":[],"gutentor_comment":0,"jetpack_featured_media_url":"https:\/\/eldiariodesanpedro.com.ar\/sitio\/wp-content\/uploads\/2017\/04\/DSC_0219-e1492514836990.jpg","jetpack_shortlink":"https:\/\/wp.me\/p6RhLt-aBr","jetpack_sharing_enabled":true,"_links":{"self":[{"href":"https:\/\/eldiariodesanpedro.com.ar\/sitio\/wp-json\/wp\/v2\/posts\/40761","targetHints":{"allow":["GET"]}}],"collection":[{"href":"https:\/\/eldiariodesanpedro.com.ar\/sitio\/wp-json\/wp\/v2\/posts"}],"about":[{"href":"https:\/\/eldiariodesanpedro.com.ar\/sitio\/wp-json\/wp\/v2\/types\/post"}],"author":[{"embeddable":true,"href":"https:\/\/eldiariodesanpedro.com.ar\/sitio\/wp-json\/wp\/v2\/users\/4"}],"replies":[{"embeddable":true,"href":"https:\/\/eldiariodesanpedro.com.ar\/sitio\/wp-json\/wp\/v2\/comments?post=40761"}],"version-history":[{"count":2,"href":"https:\/\/eldiariodesanpedro.com.ar\/sitio\/wp-json\/wp\/v2\/posts\/40761\/revisions"}],"predecessor-version":[{"id":40766,"href":"https:\/\/eldiariodesanpedro.com.ar\/sitio\/wp-json\/wp\/v2\/posts\/40761\/revisions\/40766"}],"wp:featuredmedia":[{"embeddable":true,"href":"https:\/\/eldiariodesanpedro.com.ar\/sitio\/wp-json\/wp\/v2\/media\/16986"}],"wp:attachment":[{"href":"https:\/\/eldiariodesanpedro.com.ar\/sitio\/wp-json\/wp\/v2\/media?parent=40761"}],"wp:term":[{"taxonomy":"category","embeddable":true,"href":"https:\/\/eldiariodesanpedro.com.ar\/sitio\/wp-json\/wp\/v2\/categories?post=40761"},{"taxonomy":"post_tag","embeddable":true,"href":"https:\/\/eldiariodesanpedro.com.ar\/sitio\/wp-json\/wp\/v2\/tags?post=40761"}],"curies":[{"name":"wp","href":"https:\/\/api.w.org\/{rel}","templated":true}]}}