{"id":40756,"date":"2018-09-23T20:05:07","date_gmt":"2018-09-23T23:05:07","guid":{"rendered":"https:\/\/eldiariodesanpedro.com.ar\/sitio\/?p=40756"},"modified":"2018-09-23T20:05:07","modified_gmt":"2018-09-23T23:05:07","slug":"aprehendido-luego-de-robar-en-un-bazar","status":"publish","type":"post","link":"https:\/\/eldiariodesanpedro.com.ar\/sitio\/aprehendido-luego-de-robar-en-un-bazar\/","title":{"rendered":"Aprehendido luego de robar en un bazar"},"content":{"rendered":"<p><!-- VideographyWP Plugin Message: Automatic video embedding prevented by plugin options. --><br \/>\n  Un hombre de 29 a\u00f1os rob\u00f3 este s\u00e1bado una cuchilla de un bazar ubicado sobre calle Pellegrini al 2500.<br \/>\n  El delincuente fue finalmente aprehendido por efectivos policiales en las inmediaciones de calles Belgrano y Nieto de Torres, momentos despu\u00e9s de haber perpetrado el robo.<br \/>\n  Al momento de su aprehensi\u00f3n, se le secuestr\u00f3 de entre sus pertenencias la cuchilla de 35 cm de longitud total, con mango de madera.<br \/>\nInterviene en el hecho la UFI N\u00b0 5 a cargo del Dr. Manso. <\/p>\n","protected":false},"excerpt":{"rendered":"<p>Un hombre de 29 a\u00f1os rob\u00f3 este s\u00e1bado una cuchilla de un bazar ubicado sobre calle Pellegrini al 2500. El delincuente fue finalmente aprehendido por efectivos policiales en las inmediaciones de calles Belgrano y Nieto de Torres, momentos despu\u00e9s de haber perpetrado el robo. Al momento de su aprehensi\u00f3n, se le secuestr\u00f3 de entre sus [&hellip;]<\/p>\n","protected":false},"author":4,"featured_media":31829,"comment_status":"open","ping_status":"closed","sticky":false,"template":"","format":"standard","meta":{"om_disable_all_campaigns":false,"_jetpack_memberships_contains_paid_content":false,"footnotes":""},"categories":[2,103],"tags":[],"class_list":["post-40756","post","type-post","status-publish","format-standard","has-post-thumbnail","hentry","category-locales","category-policiales-locales"],"aioseo_notices":[],"gutentor_comment":0,"jetpack_featured_media_url":"https:\/\/eldiariodesanpedro.com.ar\/sitio\/wp-content\/uploads\/2018\/04\/detenido_658x400_0.jpg","jetpack_shortlink":"https:\/\/wp.me\/p6RhLt-aBm","jetpack_sharing_enabled":true,"_links":{"self":[{"href":"https:\/\/eldiariodesanpedro.com.ar\/sitio\/wp-json\/wp\/v2\/posts\/40756","targetHints":{"allow":["GET"]}}],"collection":[{"href":"https:\/\/eldiariodesanpedro.com.ar\/sitio\/wp-json\/wp\/v2\/posts"}],"about":[{"href":"https:\/\/eldiariodesanpedro.com.ar\/sitio\/wp-json\/wp\/v2\/types\/post"}],"author":[{"embeddable":true,"href":"https:\/\/eldiariodesanpedro.com.ar\/sitio\/wp-json\/wp\/v2\/users\/4"}],"replies":[{"embeddable":true,"href":"https:\/\/eldiariodesanpedro.com.ar\/sitio\/wp-json\/wp\/v2\/comments?post=40756"}],"version-history":[{"count":2,"href":"https:\/\/eldiariodesanpedro.com.ar\/sitio\/wp-json\/wp\/v2\/posts\/40756\/revisions"}],"predecessor-version":[{"id":40760,"href":"https:\/\/eldiariodesanpedro.com.ar\/sitio\/wp-json\/wp\/v2\/posts\/40756\/revisions\/40760"}],"wp:featuredmedia":[{"embeddable":true,"href":"https:\/\/eldiariodesanpedro.com.ar\/sitio\/wp-json\/wp\/v2\/media\/31829"}],"wp:attachment":[{"href":"https:\/\/eldiariodesanpedro.com.ar\/sitio\/wp-json\/wp\/v2\/media?parent=40756"}],"wp:term":[{"taxonomy":"category","embeddable":true,"href":"https:\/\/eldiariodesanpedro.com.ar\/sitio\/wp-json\/wp\/v2\/categories?post=40756"},{"taxonomy":"post_tag","embeddable":true,"href":"https:\/\/eldiariodesanpedro.com.ar\/sitio\/wp-json\/wp\/v2\/tags?post=40756"}],"curies":[{"name":"wp","href":"https:\/\/api.w.org\/{rel}","templated":true}]}}