{"id":40753,"date":"2018-09-23T20:03:14","date_gmt":"2018-09-23T23:03:14","guid":{"rendered":"https:\/\/eldiariodesanpedro.com.ar\/sitio\/?p=40753"},"modified":"2018-09-23T20:03:14","modified_gmt":"2018-09-23T23:03:14","slug":"en-rio-tala-se-secuestra-una-camioneta-hilux-en-control-de-transito","status":"publish","type":"post","link":"https:\/\/eldiariodesanpedro.com.ar\/sitio\/en-rio-tala-se-secuestra-una-camioneta-hilux-en-control-de-transito\/","title":{"rendered":"EN R\u00cdO TALA: Se secuestra una camioneta Hilux en control de tr\u00e1nsito"},"content":{"rendered":"<p><!-- VideographyWP Plugin Message: Automatic video embedding prevented by plugin options. --><br \/>\n  Continuando con los operativos de control, personal del mismo destacamento antes mencionado, aprehendieron este s\u00e1bado, tambi\u00e9n sobre la Ruta 1001, a un masculino de 42 a\u00f1os que circulaba en una camioneta Toyota Hilux sobre la cual pesaba un pedido de secuestro activo por Hurto Simple, a cargo de la Justicia Federal de Capital Federal.<br \/>\n  El magistrado interviniente dispuso las actuaciones y la posterior libertad del aprehendido, permaneciendo el rodado secuestrado. <\/p>\n","protected":false},"excerpt":{"rendered":"<p>Continuando con los operativos de control, personal del mismo destacamento antes mencionado, aprehendieron este s\u00e1bado, tambi\u00e9n sobre la Ruta 1001, a un masculino de 42 a\u00f1os que circulaba en una camioneta Toyota Hilux sobre la cual pesaba un pedido de secuestro activo por Hurto Simple, a cargo de la Justicia Federal de Capital Federal. El [&hellip;]<\/p>\n","protected":false},"author":4,"featured_media":24562,"comment_status":"open","ping_status":"closed","sticky":false,"template":"","format":"standard","meta":{"om_disable_all_campaigns":false,"_jetpack_memberships_contains_paid_content":false,"footnotes":""},"categories":[2,103],"tags":[],"class_list":["post-40753","post","type-post","status-publish","format-standard","has-post-thumbnail","hentry","category-locales","category-policiales-locales"],"aioseo_notices":[],"gutentor_comment":0,"jetpack_featured_media_url":"https:\/\/eldiariodesanpedro.com.ar\/sitio\/wp-content\/uploads\/2017\/10\/policia-patrulla-noche.jpg","jetpack_shortlink":"https:\/\/wp.me\/p6RhLt-aBj","jetpack_sharing_enabled":true,"_links":{"self":[{"href":"https:\/\/eldiariodesanpedro.com.ar\/sitio\/wp-json\/wp\/v2\/posts\/40753","targetHints":{"allow":["GET"]}}],"collection":[{"href":"https:\/\/eldiariodesanpedro.com.ar\/sitio\/wp-json\/wp\/v2\/posts"}],"about":[{"href":"https:\/\/eldiariodesanpedro.com.ar\/sitio\/wp-json\/wp\/v2\/types\/post"}],"author":[{"embeddable":true,"href":"https:\/\/eldiariodesanpedro.com.ar\/sitio\/wp-json\/wp\/v2\/users\/4"}],"replies":[{"embeddable":true,"href":"https:\/\/eldiariodesanpedro.com.ar\/sitio\/wp-json\/wp\/v2\/comments?post=40753"}],"version-history":[{"count":1,"href":"https:\/\/eldiariodesanpedro.com.ar\/sitio\/wp-json\/wp\/v2\/posts\/40753\/revisions"}],"predecessor-version":[{"id":40757,"href":"https:\/\/eldiariodesanpedro.com.ar\/sitio\/wp-json\/wp\/v2\/posts\/40753\/revisions\/40757"}],"wp:featuredmedia":[{"embeddable":true,"href":"https:\/\/eldiariodesanpedro.com.ar\/sitio\/wp-json\/wp\/v2\/media\/24562"}],"wp:attachment":[{"href":"https:\/\/eldiariodesanpedro.com.ar\/sitio\/wp-json\/wp\/v2\/media?parent=40753"}],"wp:term":[{"taxonomy":"category","embeddable":true,"href":"https:\/\/eldiariodesanpedro.com.ar\/sitio\/wp-json\/wp\/v2\/categories?post=40753"},{"taxonomy":"post_tag","embeddable":true,"href":"https:\/\/eldiariodesanpedro.com.ar\/sitio\/wp-json\/wp\/v2\/tags?post=40753"}],"curies":[{"name":"wp","href":"https:\/\/api.w.org\/{rel}","templated":true}]}}