{"id":40748,"date":"2018-09-23T19:59:45","date_gmt":"2018-09-23T22:59:45","guid":{"rendered":"https:\/\/eldiariodesanpedro.com.ar\/sitio\/?p=40748"},"modified":"2018-09-23T20:00:20","modified_gmt":"2018-09-23T23:00:20","slug":"aprehendido-tras-robar-en-la-via-publica","status":"publish","type":"post","link":"https:\/\/eldiariodesanpedro.com.ar\/sitio\/aprehendido-tras-robar-en-la-via-publica\/","title":{"rendered":"Aprehendido tras robar en la v\u00eda p\u00fablica"},"content":{"rendered":"<p><!-- VideographyWP Plugin Message: Automatic video embedding prevented by plugin options. --><br \/>\n  Este s\u00e1bado, personal de Comisar\u00eda local y personal de GAD aprehendieron a un ciudadano de 27 a\u00f1os en calle D\u00e1vila al 400.<br \/>\n  El mismo, momentos antes hab\u00eda robado un tel\u00e9fono celular a una mujer que se movilizaba de a pie, en la intersecci\u00f3n de Av. Bvard. Moreno y 11 de Septiembre, para luego fugarse del sitio y ocultarse en el interior del domicilio donde se realiz\u00f3 la aprehensi\u00f3n, secuestr\u00e1ndosele en su poder el tel\u00e9fono sustra\u00eddo. <\/p>\n","protected":false},"excerpt":{"rendered":"<p>Este s\u00e1bado, personal de Comisar\u00eda local y personal de GAD aprehendieron a un ciudadano de 27 a\u00f1os en calle D\u00e1vila al 400. El mismo, momentos antes hab\u00eda robado un tel\u00e9fono celular a una mujer que se movilizaba de a pie, en la intersecci\u00f3n de Av. Bvard. Moreno y 11 de Septiembre, para luego fugarse del [&hellip;]<\/p>\n","protected":false},"author":4,"featured_media":28826,"comment_status":"open","ping_status":"closed","sticky":false,"template":"","format":"standard","meta":{"om_disable_all_campaigns":false,"_jetpack_memberships_contains_paid_content":false,"footnotes":""},"categories":[2,103],"tags":[],"class_list":["post-40748","post","type-post","status-publish","format-standard","has-post-thumbnail","hentry","category-locales","category-policiales-locales"],"aioseo_notices":[],"gutentor_comment":0,"jetpack_featured_media_url":"https:\/\/eldiariodesanpedro.com.ar\/sitio\/wp-content\/uploads\/2018\/02\/detenido-4.jpg","jetpack_shortlink":"https:\/\/wp.me\/p6RhLt-aBe","jetpack_sharing_enabled":true,"_links":{"self":[{"href":"https:\/\/eldiariodesanpedro.com.ar\/sitio\/wp-json\/wp\/v2\/posts\/40748","targetHints":{"allow":["GET"]}}],"collection":[{"href":"https:\/\/eldiariodesanpedro.com.ar\/sitio\/wp-json\/wp\/v2\/posts"}],"about":[{"href":"https:\/\/eldiariodesanpedro.com.ar\/sitio\/wp-json\/wp\/v2\/types\/post"}],"author":[{"embeddable":true,"href":"https:\/\/eldiariodesanpedro.com.ar\/sitio\/wp-json\/wp\/v2\/users\/4"}],"replies":[{"embeddable":true,"href":"https:\/\/eldiariodesanpedro.com.ar\/sitio\/wp-json\/wp\/v2\/comments?post=40748"}],"version-history":[{"count":2,"href":"https:\/\/eldiariodesanpedro.com.ar\/sitio\/wp-json\/wp\/v2\/posts\/40748\/revisions"}],"predecessor-version":[{"id":40752,"href":"https:\/\/eldiariodesanpedro.com.ar\/sitio\/wp-json\/wp\/v2\/posts\/40748\/revisions\/40752"}],"wp:featuredmedia":[{"embeddable":true,"href":"https:\/\/eldiariodesanpedro.com.ar\/sitio\/wp-json\/wp\/v2\/media\/28826"}],"wp:attachment":[{"href":"https:\/\/eldiariodesanpedro.com.ar\/sitio\/wp-json\/wp\/v2\/media?parent=40748"}],"wp:term":[{"taxonomy":"category","embeddable":true,"href":"https:\/\/eldiariodesanpedro.com.ar\/sitio\/wp-json\/wp\/v2\/categories?post=40748"},{"taxonomy":"post_tag","embeddable":true,"href":"https:\/\/eldiariodesanpedro.com.ar\/sitio\/wp-json\/wp\/v2\/tags?post=40748"}],"curies":[{"name":"wp","href":"https:\/\/api.w.org\/{rel}","templated":true}]}}