{"id":40746,"date":"2018-09-23T19:59:07","date_gmt":"2018-09-23T22:59:07","guid":{"rendered":"https:\/\/eldiariodesanpedro.com.ar\/sitio\/?p=40746"},"modified":"2018-09-23T19:59:07","modified_gmt":"2018-09-23T22:59:07","slug":"recorrido-por-obras-en-el-jardin-905-de-gobernador-castro","status":"publish","type":"post","link":"https:\/\/eldiariodesanpedro.com.ar\/sitio\/recorrido-por-obras-en-el-jardin-905-de-gobernador-castro\/","title":{"rendered":"Recorrido por obras en el Jard\u00edn 905 de Gobernador Castro"},"content":{"rendered":"<p><!-- VideographyWP Plugin Message: Automatic video embedding prevented by plugin options. --><br \/>\nEl Intendente Municipal Cecilio Salazar recorri\u00f3 en la ma\u00f1ana de este viernes las obras que se llevan adelante en el Jard\u00edn Municipal 905 de Gobernador Castro.<\/p>\n<p>  El Intendente Municipal Cecilio Salazar junto a miembros del gabinete, el delgado municipal y concejales, recorri\u00f3 este viernes por la ma\u00f1ana las obras que se llevan adelante en el Jard\u00edn Municipal 905 de Gobernador Castro, luego de la visita al Hospital de la localidad para celebrar sus 25 a\u00f1os.<br \/>\n  La obra, una m\u00e1s de las que se inici\u00f3 y concluir\u00e1 con dinero del Fondo Educativo, comprende la reparaci\u00f3n de techos, renovaci\u00f3n de instalaci\u00f3n el\u00e9ctrica, cielorrasos, cambio de puertas y ventanas en el frente, desag\u00fces pluviales y pintado integral del establecimiento.<br \/>\n  La intenci\u00f3n es finalizar las mismas a la brevedad para poder comenzar a disfrutarlas para beneficio de la comunidad educativa de la localidad.<\/p>\n","protected":false},"excerpt":{"rendered":"<p>El Intendente Municipal Cecilio Salazar recorri\u00f3 en la ma\u00f1ana de este viernes las obras que se llevan adelante en el Jard\u00edn Municipal 905 de Gobernador Castro. El Intendente Municipal Cecilio Salazar junto a miembros del gabinete, el delgado municipal y concejales, recorri\u00f3 este viernes por la ma\u00f1ana las obras que se llevan adelante en el [&hellip;]<\/p>\n","protected":false},"author":4,"featured_media":40747,"comment_status":"open","ping_status":"closed","sticky":false,"template":"","format":"standard","meta":{"om_disable_all_campaigns":false,"_jetpack_memberships_contains_paid_content":false,"footnotes":""},"categories":[2,102],"tags":[],"class_list":["post-40746","post","type-post","status-publish","format-standard","has-post-thumbnail","hentry","category-locales","category-politica-locales"],"aioseo_notices":[],"gutentor_comment":0,"jetpack_featured_media_url":"https:\/\/eldiariodesanpedro.com.ar\/sitio\/wp-content\/uploads\/2018\/09\/Recorrido-por-obras-en-el-Jard\u00edn-905-de-Gobernador-Castro.jpg","jetpack_shortlink":"https:\/\/wp.me\/p6RhLt-aBc","jetpack_sharing_enabled":true,"_links":{"self":[{"href":"https:\/\/eldiariodesanpedro.com.ar\/sitio\/wp-json\/wp\/v2\/posts\/40746","targetHints":{"allow":["GET"]}}],"collection":[{"href":"https:\/\/eldiariodesanpedro.com.ar\/sitio\/wp-json\/wp\/v2\/posts"}],"about":[{"href":"https:\/\/eldiariodesanpedro.com.ar\/sitio\/wp-json\/wp\/v2\/types\/post"}],"author":[{"embeddable":true,"href":"https:\/\/eldiariodesanpedro.com.ar\/sitio\/wp-json\/wp\/v2\/users\/4"}],"replies":[{"embeddable":true,"href":"https:\/\/eldiariodesanpedro.com.ar\/sitio\/wp-json\/wp\/v2\/comments?post=40746"}],"version-history":[{"count":1,"href":"https:\/\/eldiariodesanpedro.com.ar\/sitio\/wp-json\/wp\/v2\/posts\/40746\/revisions"}],"predecessor-version":[{"id":40749,"href":"https:\/\/eldiariodesanpedro.com.ar\/sitio\/wp-json\/wp\/v2\/posts\/40746\/revisions\/40749"}],"wp:featuredmedia":[{"embeddable":true,"href":"https:\/\/eldiariodesanpedro.com.ar\/sitio\/wp-json\/wp\/v2\/media\/40747"}],"wp:attachment":[{"href":"https:\/\/eldiariodesanpedro.com.ar\/sitio\/wp-json\/wp\/v2\/media?parent=40746"}],"wp:term":[{"taxonomy":"category","embeddable":true,"href":"https:\/\/eldiariodesanpedro.com.ar\/sitio\/wp-json\/wp\/v2\/categories?post=40746"},{"taxonomy":"post_tag","embeddable":true,"href":"https:\/\/eldiariodesanpedro.com.ar\/sitio\/wp-json\/wp\/v2\/tags?post=40746"}],"curies":[{"name":"wp","href":"https:\/\/api.w.org\/{rel}","templated":true}]}}