{"id":40737,"date":"2018-09-23T19:46:39","date_gmt":"2018-09-23T22:46:39","guid":{"rendered":"https:\/\/eldiariodesanpedro.com.ar\/sitio\/?p=40737"},"modified":"2018-09-23T19:46:39","modified_gmt":"2018-09-23T22:46:39","slug":"arrecifes-una-fuerte-tormenta-provoco-destrozos-en-la-ciudad-y-en-el-campo","status":"publish","type":"post","link":"https:\/\/eldiariodesanpedro.com.ar\/sitio\/arrecifes-una-fuerte-tormenta-provoco-destrozos-en-la-ciudad-y-en-el-campo\/","title":{"rendered":"ARRECIFES: Una fuerte tormenta provoc\u00f3 destrozos en la ciudad y en el campo"},"content":{"rendered":"<p><!-- VideographyWP Plugin Message: Automatic video embedding prevented by plugin options. --><br \/>\nFinalmente, la tormenta que anunciaba el Servicio Meteorol\u00f3gico Nacional lleg\u00f3 a la zona Norte de la Provincia e impact\u00f3 con fuerza en la ciudad.<\/p>\n<p>  Si bien no fue de mucha duraci\u00f3n, hubo zonas donde la fuerza del viento y el granizo hizo estragos. Entre ellas, la del Barrio Santa Teresita y algunos lugares en zona rural.<br \/>\n  En el Santa Teresita hubo voladura de techos y a pocas cuadras de all\u00ed, en calle Kennedy, vol\u00f3 techo y paredes de una f\u00e1brica de muebles. En el centro hubo una gran ca\u00edda de agua y granizo, algunos de tama\u00f1o importante, aunque no hubo consecuencias tan graves como las que se vieron en el Lago.<br \/>\n  Con respecto a esto, el Municipio emiti\u00f3 un comunicado:<\/p>\n<p><em>LA MUNICIPALIDAD DE ARRECIFES INFORMA<br \/>\n  Como consecuencia de la fuerte tormenta que azot\u00f3 en las \u00faltimas horas la zona, el Distrito sufri\u00f3 la voladura de m\u00e1s de 20 techos, ca\u00edda de columnas de alumbrado p\u00fablico y corte de cables en barrio el Lago, ca\u00edda de \u00e1rboles en distintos sectores e inconvenientes en desag\u00fces pluviales, no teniendo que lamentar v\u00edctimas.<br \/>\n  Todd sufri\u00f3 durante el t\u00e9rmino aproximado de 2 horas por la tarde el corte de suministro el\u00e9ctrico, situaci\u00f3n que ya fue regularizada y Vi\u00f1a no sufri\u00f3 mayores inconvenientes.<\/em><\/p>\n<p>Fuente: Minutoarrecifes.com<\/p>\n","protected":false},"excerpt":{"rendered":"<p>Finalmente, la tormenta que anunciaba el Servicio Meteorol\u00f3gico Nacional lleg\u00f3 a la zona Norte de la Provincia e impact\u00f3 con fuerza en la ciudad. Si bien no fue de mucha duraci\u00f3n, hubo zonas donde la fuerza del viento y el granizo hizo estragos. Entre ellas, la del Barrio Santa Teresita y algunos lugares en zona [&hellip;]<\/p>\n","protected":false},"author":4,"featured_media":40739,"comment_status":"open","ping_status":"closed","sticky":false,"template":"","format":"standard","meta":{"om_disable_all_campaigns":false,"_jetpack_memberships_contains_paid_content":false,"footnotes":""},"categories":[621],"tags":[],"class_list":["post-40737","post","type-post","status-publish","format-standard","has-post-thumbnail","hentry","category-regionales"],"aioseo_notices":[],"gutentor_comment":0,"jetpack_featured_media_url":"https:\/\/eldiariodesanpedro.com.ar\/sitio\/wp-content\/uploads\/2018\/09\/campo-tormenta.jpg","jetpack_shortlink":"https:\/\/wp.me\/p6RhLt-aB3","jetpack_sharing_enabled":true,"_links":{"self":[{"href":"https:\/\/eldiariodesanpedro.com.ar\/sitio\/wp-json\/wp\/v2\/posts\/40737","targetHints":{"allow":["GET"]}}],"collection":[{"href":"https:\/\/eldiariodesanpedro.com.ar\/sitio\/wp-json\/wp\/v2\/posts"}],"about":[{"href":"https:\/\/eldiariodesanpedro.com.ar\/sitio\/wp-json\/wp\/v2\/types\/post"}],"author":[{"embeddable":true,"href":"https:\/\/eldiariodesanpedro.com.ar\/sitio\/wp-json\/wp\/v2\/users\/4"}],"replies":[{"embeddable":true,"href":"https:\/\/eldiariodesanpedro.com.ar\/sitio\/wp-json\/wp\/v2\/comments?post=40737"}],"version-history":[{"count":1,"href":"https:\/\/eldiariodesanpedro.com.ar\/sitio\/wp-json\/wp\/v2\/posts\/40737\/revisions"}],"predecessor-version":[{"id":40740,"href":"https:\/\/eldiariodesanpedro.com.ar\/sitio\/wp-json\/wp\/v2\/posts\/40737\/revisions\/40740"}],"wp:featuredmedia":[{"embeddable":true,"href":"https:\/\/eldiariodesanpedro.com.ar\/sitio\/wp-json\/wp\/v2\/media\/40739"}],"wp:attachment":[{"href":"https:\/\/eldiariodesanpedro.com.ar\/sitio\/wp-json\/wp\/v2\/media?parent=40737"}],"wp:term":[{"taxonomy":"category","embeddable":true,"href":"https:\/\/eldiariodesanpedro.com.ar\/sitio\/wp-json\/wp\/v2\/categories?post=40737"},{"taxonomy":"post_tag","embeddable":true,"href":"https:\/\/eldiariodesanpedro.com.ar\/sitio\/wp-json\/wp\/v2\/tags?post=40737"}],"curies":[{"name":"wp","href":"https:\/\/api.w.org\/{rel}","templated":true}]}}