{"id":40732,"date":"2018-09-22T11:10:02","date_gmt":"2018-09-22T14:10:02","guid":{"rendered":"https:\/\/eldiariodesanpedro.com.ar\/sitio\/?p=40732"},"modified":"2018-09-22T11:10:02","modified_gmt":"2018-09-22T14:10:02","slug":"baradero-ya-tiene-soberana-la-primavera-valentina-martig-es-la-nueva-reina","status":"publish","type":"post","link":"https:\/\/eldiariodesanpedro.com.ar\/sitio\/baradero-ya-tiene-soberana-la-primavera-valentina-martig-es-la-nueva-reina\/","title":{"rendered":"BARADERO: Ya tiene soberana la Primavera: Valentina Martig es la nueva reina"},"content":{"rendered":"<p><!-- VideographyWP Plugin Message: Automatic video embedding prevented by plugin options. --><br \/>\nValentina Martig, representante del Club Sportivo fue elegida como la nueva soberana de la primavera 2018. Martina Casey, del Club Regatas la acompa\u00f1ar\u00e1 como primera princesa y Tania Higueras de la E.E.T. N\u00b01 como segunda princesa.<\/p>\n<p>Ademas Miss Simpat\u00eda Romina Veliz, Miss Elegancia Valentina Cunningham y Mejor compa\u00f1era Evelin Higueras.<\/p>\n<p>La fiesta cont\u00f3 con un buen marco de publico y la presentaci\u00f3n de la Banda Uruguaya RC Band.<\/p>\n<p>Fuente: Baradero Te Informa<\/p>\n<p><img decoding=\"async\" data-attachment-id=\"40733\" data-permalink=\"https:\/\/eldiariodesanpedro.com.ar\/sitio\/baradero-ya-tiene-soberana-la-primavera-valentina-martig-es-la-nueva-reina\/img_9756_800x533\/\" data-orig-file=\"https:\/\/eldiariodesanpedro.com.ar\/sitio\/wp-content\/uploads\/2018\/09\/IMG_9756_800x533.jpg\" data-orig-size=\"533,800\" data-comments-opened=\"1\" data-image-meta=\"{&quot;aperture&quot;:&quot;4.5&quot;,&quot;credit&quot;:&quot;&quot;,&quot;camera&quot;:&quot;Canon EOS 77D&quot;,&quot;caption&quot;:&quot;&quot;,&quot;created_timestamp&quot;:&quot;1537576560&quot;,&quot;copyright&quot;:&quot;&quot;,&quot;focal_length&quot;:&quot;35&quot;,&quot;iso&quot;:&quot;800&quot;,&quot;shutter_speed&quot;:&quot;0.005&quot;,&quot;title&quot;:&quot;&quot;,&quot;orientation&quot;:&quot;1&quot;}\" data-image-title=\"IMG_9756_800x533\" data-image-description=\"\" data-image-caption=\"\" data-large-file=\"https:\/\/eldiariodesanpedro.com.ar\/sitio\/wp-content\/uploads\/2018\/09\/IMG_9756_800x533.jpg\" data-src=\"https:\/\/eldiariodesanpedro.com.ar\/sitio\/wp-content\/uploads\/2018\/09\/IMG_9756_800x533.jpg\" alt=\"\" width=\"533\" height=\"800\" class=\"alignnone size-full wp-image-40733 lazyload\" data-srcset=\"https:\/\/eldiariodesanpedro.com.ar\/sitio\/wp-content\/uploads\/2018\/09\/IMG_9756_800x533.jpg 533w, https:\/\/eldiariodesanpedro.com.ar\/sitio\/wp-content\/uploads\/2018\/09\/IMG_9756_800x533-200x300.jpg 200w\" data-sizes=\"(max-width: 533px) 100vw, 533px\" src=\"data:image\/svg+xml;base64,PHN2ZyB3aWR0aD0iMSIgaGVpZ2h0PSIxIiB4bWxucz0iaHR0cDovL3d3dy53My5vcmcvMjAwMC9zdmciPjwvc3ZnPg==\" style=\"--smush-placeholder-width: 533px; --smush-placeholder-aspect-ratio: 533\/800;\" \/><\/p>\n","protected":false},"excerpt":{"rendered":"<p>Valentina Martig, representante del Club Sportivo fue elegida como la nueva soberana de la primavera 2018. Martina Casey, del Club Regatas la acompa\u00f1ar\u00e1 como primera princesa y Tania Higueras de la E.E.T. N\u00b01 como segunda princesa. Ademas Miss Simpat\u00eda Romina Veliz, Miss Elegancia Valentina Cunningham y Mejor compa\u00f1era Evelin Higueras. La fiesta cont\u00f3 con un [&hellip;]<\/p>\n","protected":false},"author":4,"featured_media":40734,"comment_status":"open","ping_status":"closed","sticky":false,"template":"","format":"standard","meta":{"om_disable_all_campaigns":false,"_jetpack_memberships_contains_paid_content":false,"footnotes":""},"categories":[621],"tags":[],"class_list":["post-40732","post","type-post","status-publish","format-standard","has-post-thumbnail","hentry","category-regionales"],"aioseo_notices":[],"gutentor_comment":0,"jetpack_featured_media_url":"https:\/\/eldiariodesanpedro.com.ar\/sitio\/wp-content\/uploads\/2018\/09\/IMG_9467_800x533.jpg","jetpack_shortlink":"https:\/\/wp.me\/p6RhLt-aAY","jetpack_sharing_enabled":true,"_links":{"self":[{"href":"https:\/\/eldiariodesanpedro.com.ar\/sitio\/wp-json\/wp\/v2\/posts\/40732","targetHints":{"allow":["GET"]}}],"collection":[{"href":"https:\/\/eldiariodesanpedro.com.ar\/sitio\/wp-json\/wp\/v2\/posts"}],"about":[{"href":"https:\/\/eldiariodesanpedro.com.ar\/sitio\/wp-json\/wp\/v2\/types\/post"}],"author":[{"embeddable":true,"href":"https:\/\/eldiariodesanpedro.com.ar\/sitio\/wp-json\/wp\/v2\/users\/4"}],"replies":[{"embeddable":true,"href":"https:\/\/eldiariodesanpedro.com.ar\/sitio\/wp-json\/wp\/v2\/comments?post=40732"}],"version-history":[{"count":1,"href":"https:\/\/eldiariodesanpedro.com.ar\/sitio\/wp-json\/wp\/v2\/posts\/40732\/revisions"}],"predecessor-version":[{"id":40735,"href":"https:\/\/eldiariodesanpedro.com.ar\/sitio\/wp-json\/wp\/v2\/posts\/40732\/revisions\/40735"}],"wp:featuredmedia":[{"embeddable":true,"href":"https:\/\/eldiariodesanpedro.com.ar\/sitio\/wp-json\/wp\/v2\/media\/40734"}],"wp:attachment":[{"href":"https:\/\/eldiariodesanpedro.com.ar\/sitio\/wp-json\/wp\/v2\/media?parent=40732"}],"wp:term":[{"taxonomy":"category","embeddable":true,"href":"https:\/\/eldiariodesanpedro.com.ar\/sitio\/wp-json\/wp\/v2\/categories?post=40732"},{"taxonomy":"post_tag","embeddable":true,"href":"https:\/\/eldiariodesanpedro.com.ar\/sitio\/wp-json\/wp\/v2\/tags?post=40732"}],"curies":[{"name":"wp","href":"https:\/\/api.w.org\/{rel}","templated":true}]}}