{"id":40729,"date":"2018-09-22T10:50:39","date_gmt":"2018-09-22T13:50:39","guid":{"rendered":"https:\/\/eldiariodesanpedro.com.ar\/sitio\/?p=40729"},"modified":"2018-09-22T10:50:39","modified_gmt":"2018-09-22T13:50:39","slug":"san-nicolas-fallece-conocida-funcionaria-nicolena-en-accidente-automovilistico","status":"publish","type":"post","link":"https:\/\/eldiariodesanpedro.com.ar\/sitio\/san-nicolas-fallece-conocida-funcionaria-nicolena-en-accidente-automovilistico\/","title":{"rendered":"SAN NICOLAS: Fallece conocida funcionaria nicole\u00f1a en accidente automovil\u00edstico"},"content":{"rendered":"<p><!-- VideographyWP Plugin Message: Automatic video embedding prevented by plugin options. --><br \/>\nAlrededor de las 22hs de la noche del viernes se produjo un tr\u00e1gico accidente en ruta 6 a la altura del kil\u00f3metro 56 de la localidad de San Vicente, que result\u00f3 fatal para Silvia Raquel Nader (Subgerenta de Arba San Nicol\u00e1s). La v\u00edctima viajaba en una camioneta Renault Kangoo -ploteada con ARBA, que era conducida por Juan Carlos Di Rocco.<\/p>\n<p>Seg\u00fan informaron fuentes policiales del lugar, \u201cde averiguaciones practicadas, y atento a los dichos del chofer de la camioneta identificado como \u201cDi Rocco Juan Carlos\u201d, se pudo establecer que circulaban por ruta 6 en direcci\u00f3n a La Plata junto a la ciudadana \u201cNader\u201d, cuando a la altura del km 56 se le cruza un perro y al intentar esquivarlo pierde el control de la unidad volcando hac\u00eda el medio de las rutas.<\/p>\n<p>La acompa\u00f1ante fue despedida del veh\u00edculo, lo que le habr\u00eda provocado el inmediato fallecimiento. La ciudadana resulta Subgerenta de la Seccional San Nicol\u00e1s de Arba, y su deceso fue constatado por el Dr. Julio Vargas del Sistema de Emergencias local. En tanto el conductor fue trasladado por ambulancia al nosocomio local, con politraumatismos pero consciente. <\/p>\n<p>Fuente: Diario El Norte<\/p>\n","protected":false},"excerpt":{"rendered":"<p>Alrededor de las 22hs de la noche del viernes se produjo un tr\u00e1gico accidente en ruta 6 a la altura del kil\u00f3metro 56 de la localidad de San Vicente, que result\u00f3 fatal para Silvia Raquel Nader (Subgerenta de Arba San Nicol\u00e1s). La v\u00edctima viajaba en una camioneta Renault Kangoo -ploteada con ARBA, que era conducida [&hellip;]<\/p>\n","protected":false},"author":4,"featured_media":40730,"comment_status":"open","ping_status":"closed","sticky":false,"template":"","format":"standard","meta":{"om_disable_all_campaigns":false,"_jetpack_memberships_contains_paid_content":false,"footnotes":""},"categories":[621],"tags":[],"class_list":["post-40729","post","type-post","status-publish","format-standard","has-post-thumbnail","hentry","category-regionales"],"aioseo_notices":[],"gutentor_comment":0,"jetpack_featured_media_url":"https:\/\/eldiariodesanpedro.com.ar\/sitio\/wp-content\/uploads\/2018\/09\/elnorte5ba4d6424a384_arba.jpg","jetpack_shortlink":"https:\/\/wp.me\/p6RhLt-aAV","jetpack_sharing_enabled":true,"_links":{"self":[{"href":"https:\/\/eldiariodesanpedro.com.ar\/sitio\/wp-json\/wp\/v2\/posts\/40729","targetHints":{"allow":["GET"]}}],"collection":[{"href":"https:\/\/eldiariodesanpedro.com.ar\/sitio\/wp-json\/wp\/v2\/posts"}],"about":[{"href":"https:\/\/eldiariodesanpedro.com.ar\/sitio\/wp-json\/wp\/v2\/types\/post"}],"author":[{"embeddable":true,"href":"https:\/\/eldiariodesanpedro.com.ar\/sitio\/wp-json\/wp\/v2\/users\/4"}],"replies":[{"embeddable":true,"href":"https:\/\/eldiariodesanpedro.com.ar\/sitio\/wp-json\/wp\/v2\/comments?post=40729"}],"version-history":[{"count":1,"href":"https:\/\/eldiariodesanpedro.com.ar\/sitio\/wp-json\/wp\/v2\/posts\/40729\/revisions"}],"predecessor-version":[{"id":40731,"href":"https:\/\/eldiariodesanpedro.com.ar\/sitio\/wp-json\/wp\/v2\/posts\/40729\/revisions\/40731"}],"wp:featuredmedia":[{"embeddable":true,"href":"https:\/\/eldiariodesanpedro.com.ar\/sitio\/wp-json\/wp\/v2\/media\/40730"}],"wp:attachment":[{"href":"https:\/\/eldiariodesanpedro.com.ar\/sitio\/wp-json\/wp\/v2\/media?parent=40729"}],"wp:term":[{"taxonomy":"category","embeddable":true,"href":"https:\/\/eldiariodesanpedro.com.ar\/sitio\/wp-json\/wp\/v2\/categories?post=40729"},{"taxonomy":"post_tag","embeddable":true,"href":"https:\/\/eldiariodesanpedro.com.ar\/sitio\/wp-json\/wp\/v2\/tags?post=40729"}],"curies":[{"name":"wp","href":"https:\/\/api.w.org\/{rel}","templated":true}]}}