{"id":40723,"date":"2018-09-22T10:44:37","date_gmt":"2018-09-22T13:44:37","guid":{"rendered":"https:\/\/eldiariodesanpedro.com.ar\/sitio\/?p=40723"},"modified":"2018-09-22T10:44:37","modified_gmt":"2018-09-22T13:44:37","slug":"campana-con-una-gran-explosion-de-colores-cientos-de-jovenes-festejaron-el-dia-de-la-primavera-en-campana","status":"publish","type":"post","link":"https:\/\/eldiariodesanpedro.com.ar\/sitio\/campana-con-una-gran-explosion-de-colores-cientos-de-jovenes-festejaron-el-dia-de-la-primavera-en-campana\/","title":{"rendered":"CAMPANA: Con una gran explosi\u00f3n de colores, cientos de j\u00f3venes festejaron el D\u00eda de la Primavera en Campana"},"content":{"rendered":"<p><!-- VideographyWP Plugin Message: Automatic video embedding prevented by plugin options. --><br \/>\nEste evento tan especial, organizado por el Municipio tuvo de todo: juegos y actividades, shows musicales y Dj en vivo. El broche de oro fueron los polvos que ti\u00f1eron el espacio p\u00fablico de alegr\u00eda.<\/p>\n<p><img decoding=\"async\" data-attachment-id=\"40724\" data-permalink=\"https:\/\/eldiariodesanpedro.com.ar\/sitio\/campana-con-una-gran-explosion-de-colores-cientos-de-jovenes-festejaron-el-dia-de-la-primavera-en-campana\/con-una-explosion-de-colores-los-estudiantes-celebraron-su-dia_658x400\/\" data-orig-file=\"https:\/\/eldiariodesanpedro.com.ar\/sitio\/wp-content\/uploads\/2018\/09\/Con-una-explosi\u00f3n-de-colores-los-estudiantes-celebraron-su-d\u00eda_658x400.jpg\" data-orig-size=\"658,400\" data-comments-opened=\"1\" data-image-meta=\"{&quot;aperture&quot;:&quot;0&quot;,&quot;credit&quot;:&quot;&quot;,&quot;camera&quot;:&quot;&quot;,&quot;caption&quot;:&quot;&quot;,&quot;created_timestamp&quot;:&quot;0&quot;,&quot;copyright&quot;:&quot;&quot;,&quot;focal_length&quot;:&quot;0&quot;,&quot;iso&quot;:&quot;0&quot;,&quot;shutter_speed&quot;:&quot;0&quot;,&quot;title&quot;:&quot;&quot;,&quot;orientation&quot;:&quot;0&quot;}\" data-image-title=\"Con-una-explosi\u00f3n-de-colores-los-estudiantes-celebraron-su-d\u00eda_658x400\" data-image-description=\"\" data-image-caption=\"\" data-large-file=\"https:\/\/eldiariodesanpedro.com.ar\/sitio\/wp-content\/uploads\/2018\/09\/Con-una-explosi\u00f3n-de-colores-los-estudiantes-celebraron-su-d\u00eda_658x400.jpg\" data-src=\"https:\/\/eldiariodesanpedro.com.ar\/sitio\/wp-content\/uploads\/2018\/09\/Con-una-explosi\u00f3n-de-colores-los-estudiantes-celebraron-su-d\u00eda_658x400.jpg\" alt=\"\" width=\"658\" height=\"400\" class=\"alignnone size-full wp-image-40724 lazyload\" data-srcset=\"https:\/\/eldiariodesanpedro.com.ar\/sitio\/wp-content\/uploads\/2018\/09\/Con-una-explosi\u00f3n-de-colores-los-estudiantes-celebraron-su-d\u00eda_658x400.jpg 658w, https:\/\/eldiariodesanpedro.com.ar\/sitio\/wp-content\/uploads\/2018\/09\/Con-una-explosi\u00f3n-de-colores-los-estudiantes-celebraron-su-d\u00eda_658x400-300x182.jpg 300w\" data-sizes=\"(max-width: 658px) 100vw, 658px\" src=\"data:image\/svg+xml;base64,PHN2ZyB3aWR0aD0iMSIgaGVpZ2h0PSIxIiB4bWxucz0iaHR0cDovL3d3dy53My5vcmcvMjAwMC9zdmciPjwvc3ZnPg==\" style=\"--smush-placeholder-width: 658px; --smush-placeholder-aspect-ratio: 658\/400;\" \/><\/p>\n<p>La primavera ya est\u00e1 entre nosotros y Campana le dio la bienvenida con una explosi\u00f3n de colores de la que participaron cientos de j\u00f3venes.<\/p>\n<p>Organizado por Campana Joven \u2013dependiente de la Jefatura de Gabinete del Municipio-, el Campito de Siderca se visti\u00f3 para la ocasi\u00f3n con numerosas propuestas pensadas para los estudiantes.<\/p>\n<p>Fue un d\u00eda de puro sol, color y diversi\u00f3n. Nadie se lo quiso perder. Hubo quienes ansiosos por celebrar la jornada llegaron ni bien comenzada la fiesta, mientras que otros se acercaron a media tarde.<\/p>\n<p>Y como no pod\u00eda ser de otra manera, el intendente Sebasti\u00e1n Abella no quiso perderse la fiesta  y asisti\u00f3 al lugar para recorrer el gran despliegue y conversar con los vecinos, quienes agradecieron un evento de tal magnitud.<\/p>\n<p>Como broche de oro, el p\u00fablico se divirti\u00f3 arrojando polvos de distintos colores, al ritmo de DJ Pirata, ti\u00f1endo de alegr\u00eda el cierre de una tarde inolvidable.<\/p>\n<p><img decoding=\"async\" data-attachment-id=\"40725\" data-permalink=\"https:\/\/eldiariodesanpedro.com.ar\/sitio\/campana-con-una-gran-explosion-de-colores-cientos-de-jovenes-festejaron-el-dia-de-la-primavera-en-campana\/el-evento-conto-con-juegos-actividades-shows-musicales-y-dj-en-vivo-2_658x400\/\" data-orig-file=\"https:\/\/eldiariodesanpedro.com.ar\/sitio\/wp-content\/uploads\/2018\/09\/El-evento-cont\u00f3-con-juegos-actividades-shows-musicales-y-Dj-en-vivo-2_658x400.jpg\" data-orig-size=\"658,400\" data-comments-opened=\"1\" data-image-meta=\"{&quot;aperture&quot;:&quot;0&quot;,&quot;credit&quot;:&quot;&quot;,&quot;camera&quot;:&quot;&quot;,&quot;caption&quot;:&quot;&quot;,&quot;created_timestamp&quot;:&quot;0&quot;,&quot;copyright&quot;:&quot;&quot;,&quot;focal_length&quot;:&quot;0&quot;,&quot;iso&quot;:&quot;0&quot;,&quot;shutter_speed&quot;:&quot;0&quot;,&quot;title&quot;:&quot;&quot;,&quot;orientation&quot;:&quot;0&quot;}\" data-image-title=\"El-evento-cont\u00f3-con-juegos-actividades-shows-musicales-y-Dj-en-vivo-2_658x400\" data-image-description=\"\" data-image-caption=\"\" data-large-file=\"https:\/\/eldiariodesanpedro.com.ar\/sitio\/wp-content\/uploads\/2018\/09\/El-evento-cont\u00f3-con-juegos-actividades-shows-musicales-y-Dj-en-vivo-2_658x400.jpg\" data-src=\"https:\/\/eldiariodesanpedro.com.ar\/sitio\/wp-content\/uploads\/2018\/09\/El-evento-cont\u00f3-con-juegos-actividades-shows-musicales-y-Dj-en-vivo-2_658x400.jpg\" alt=\"\" width=\"658\" height=\"400\" class=\"alignnone size-full wp-image-40725 lazyload\" data-srcset=\"https:\/\/eldiariodesanpedro.com.ar\/sitio\/wp-content\/uploads\/2018\/09\/El-evento-cont\u00f3-con-juegos-actividades-shows-musicales-y-Dj-en-vivo-2_658x400.jpg 658w, https:\/\/eldiariodesanpedro.com.ar\/sitio\/wp-content\/uploads\/2018\/09\/El-evento-cont\u00f3-con-juegos-actividades-shows-musicales-y-Dj-en-vivo-2_658x400-300x182.jpg 300w\" data-sizes=\"(max-width: 658px) 100vw, 658px\" src=\"data:image\/svg+xml;base64,PHN2ZyB3aWR0aD0iMSIgaGVpZ2h0PSIxIiB4bWxucz0iaHR0cDovL3d3dy53My5vcmcvMjAwMC9zdmciPjwvc3ZnPg==\" style=\"--smush-placeholder-width: 658px; --smush-placeholder-aspect-ratio: 658\/400;\" \/><\/p>\n<p>Sobre el escenario, los artistas locales ganadores del \u201cBandat\u00f3n\u201d, la solista Astrid Salamandri; Alter Ego; Su amnesia; y Kingo, que fueron elegidos por m\u00e1s de 3.700 j\u00f3venes a trav\u00e9s de las redes sociales, se presentaron en vivo e hicieron vibrar al p\u00fablico con sus canciones.<\/p>\n<p>Por votaci\u00f3n del p\u00fablico presente a trav\u00e9s de redes sociales, la \u00faltima banda mencionada gan\u00f3 el primer premio y filmar\u00e1 un video musical en calidad cinematogr\u00e1fica.<\/p>\n<p>En un sector del Campito de Siderca se desplegaron inflables gigantes; canchas de f\u00fatbol-tenis; estaci\u00f3n deportiva; realidad virtual; ajedrez; torneos de Play Station; y juegos tecnol\u00f3gicos y de ingenio, mientras que en otro estuvieron los food trucks, artesanos y un patio de comidas escolares. Durante la jornada los j\u00f3venes bailaron al ritmo de la m\u00fasica de Dj Paul que son\u00f3 a lo largo de la tarde.<\/p>\n<p><img decoding=\"async\" data-attachment-id=\"40726\" data-permalink=\"https:\/\/eldiariodesanpedro.com.ar\/sitio\/campana-con-una-gran-explosion-de-colores-cientos-de-jovenes-festejaron-el-dia-de-la-primavera-en-campana\/en-una-tarde-a-puro-sol-cientos-de-jovenes-pasaron-por-el-campito-de-siderca_658x400\/\" data-orig-file=\"https:\/\/eldiariodesanpedro.com.ar\/sitio\/wp-content\/uploads\/2018\/09\/En-una-tarde-a-puro-sol-cientos-de-j\u00f3venes-pasaron-por-el-campito-de-siderca_658x400.jpg\" data-orig-size=\"658,400\" data-comments-opened=\"1\" data-image-meta=\"{&quot;aperture&quot;:&quot;0&quot;,&quot;credit&quot;:&quot;&quot;,&quot;camera&quot;:&quot;&quot;,&quot;caption&quot;:&quot;&quot;,&quot;created_timestamp&quot;:&quot;0&quot;,&quot;copyright&quot;:&quot;&quot;,&quot;focal_length&quot;:&quot;0&quot;,&quot;iso&quot;:&quot;0&quot;,&quot;shutter_speed&quot;:&quot;0&quot;,&quot;title&quot;:&quot;&quot;,&quot;orientation&quot;:&quot;0&quot;}\" data-image-title=\"En-una-tarde-a-puro-sol-cientos-de-j\u00f3venes-pasaron-por-el-campito-de-siderca_658x400\" data-image-description=\"\" data-image-caption=\"\" data-large-file=\"https:\/\/eldiariodesanpedro.com.ar\/sitio\/wp-content\/uploads\/2018\/09\/En-una-tarde-a-puro-sol-cientos-de-j\u00f3venes-pasaron-por-el-campito-de-siderca_658x400.jpg\" data-src=\"https:\/\/eldiariodesanpedro.com.ar\/sitio\/wp-content\/uploads\/2018\/09\/En-una-tarde-a-puro-sol-cientos-de-j\u00f3venes-pasaron-por-el-campito-de-siderca_658x400.jpg\" alt=\"\" width=\"658\" height=\"400\" class=\"alignnone size-full wp-image-40726 lazyload\" data-srcset=\"https:\/\/eldiariodesanpedro.com.ar\/sitio\/wp-content\/uploads\/2018\/09\/En-una-tarde-a-puro-sol-cientos-de-j\u00f3venes-pasaron-por-el-campito-de-siderca_658x400.jpg 658w, https:\/\/eldiariodesanpedro.com.ar\/sitio\/wp-content\/uploads\/2018\/09\/En-una-tarde-a-puro-sol-cientos-de-j\u00f3venes-pasaron-por-el-campito-de-siderca_658x400-300x182.jpg 300w\" data-sizes=\"(max-width: 658px) 100vw, 658px\" src=\"data:image\/svg+xml;base64,PHN2ZyB3aWR0aD0iMSIgaGVpZ2h0PSIxIiB4bWxucz0iaHR0cDovL3d3dy53My5vcmcvMjAwMC9zdmciPjwvc3ZnPg==\" style=\"--smush-placeholder-width: 658px; --smush-placeholder-aspect-ratio: 658\/400;\" \/><\/p>\n<p>Tras recorrer el lugar, Abella se mostr\u00f3 satisfecho con la gran convocatoria del evento y destac\u00f3 el trabajo en equipo realizado entre Campana Joven y las diferentes secretar\u00edas del Municipio para que sea un verdadero \u00e9xito.<\/p>\n<p>Adem\u00e1s, el jefe comunal enfatiz\u00f3 que me pone muy feliz ver a los j\u00f3venes disfrutando de este d\u00eda tan especial, con tantas actividades gratuitas pensadas para ellos\u201d.<\/p>\n<p>Y el director de Juventud, Iv\u00e1n G\u00f3mez, agradeci\u00f3 a todos los que participaron del D\u00eda de la Primavera y sostuvo que \u201cdesde la Direcci\u00f3n de Juventud estamos muy contentos de impulsar este evento en pos de crear un espacio para los j\u00f3venes\u201d.<\/p>\n","protected":false},"excerpt":{"rendered":"<p>Este evento tan especial, organizado por el Municipio tuvo de todo: juegos y actividades, shows musicales y Dj en vivo. El broche de oro fueron los polvos que ti\u00f1eron el espacio p\u00fablico de alegr\u00eda. La primavera ya est\u00e1 entre nosotros y Campana le dio la bienvenida con una explosi\u00f3n de colores de la que participaron [&hellip;]<\/p>\n","protected":false},"author":4,"featured_media":40727,"comment_status":"open","ping_status":"closed","sticky":false,"template":"","format":"standard","meta":{"om_disable_all_campaigns":false,"_jetpack_memberships_contains_paid_content":false,"footnotes":""},"categories":[621],"tags":[],"class_list":["post-40723","post","type-post","status-publish","format-standard","has-post-thumbnail","hentry","category-regionales"],"aioseo_notices":[],"gutentor_comment":0,"jetpack_featured_media_url":"https:\/\/eldiariodesanpedro.com.ar\/sitio\/wp-content\/uploads\/2018\/09\/Con-una-explosi\u00f3n-de-colores-los-estudiantes-celebraron-su-d\u00eda_658x400-1.jpg","jetpack_shortlink":"https:\/\/wp.me\/p6RhLt-aAP","jetpack_sharing_enabled":true,"_links":{"self":[{"href":"https:\/\/eldiariodesanpedro.com.ar\/sitio\/wp-json\/wp\/v2\/posts\/40723","targetHints":{"allow":["GET"]}}],"collection":[{"href":"https:\/\/eldiariodesanpedro.com.ar\/sitio\/wp-json\/wp\/v2\/posts"}],"about":[{"href":"https:\/\/eldiariodesanpedro.com.ar\/sitio\/wp-json\/wp\/v2\/types\/post"}],"author":[{"embeddable":true,"href":"https:\/\/eldiariodesanpedro.com.ar\/sitio\/wp-json\/wp\/v2\/users\/4"}],"replies":[{"embeddable":true,"href":"https:\/\/eldiariodesanpedro.com.ar\/sitio\/wp-json\/wp\/v2\/comments?post=40723"}],"version-history":[{"count":1,"href":"https:\/\/eldiariodesanpedro.com.ar\/sitio\/wp-json\/wp\/v2\/posts\/40723\/revisions"}],"predecessor-version":[{"id":40728,"href":"https:\/\/eldiariodesanpedro.com.ar\/sitio\/wp-json\/wp\/v2\/posts\/40723\/revisions\/40728"}],"wp:featuredmedia":[{"embeddable":true,"href":"https:\/\/eldiariodesanpedro.com.ar\/sitio\/wp-json\/wp\/v2\/media\/40727"}],"wp:attachment":[{"href":"https:\/\/eldiariodesanpedro.com.ar\/sitio\/wp-json\/wp\/v2\/media?parent=40723"}],"wp:term":[{"taxonomy":"category","embeddable":true,"href":"https:\/\/eldiariodesanpedro.com.ar\/sitio\/wp-json\/wp\/v2\/categories?post=40723"},{"taxonomy":"post_tag","embeddable":true,"href":"https:\/\/eldiariodesanpedro.com.ar\/sitio\/wp-json\/wp\/v2\/tags?post=40723"}],"curies":[{"name":"wp","href":"https:\/\/api.w.org\/{rel}","templated":true}]}}