{"id":40721,"date":"2018-09-22T10:35:30","date_gmt":"2018-09-22T13:35:30","guid":{"rendered":"https:\/\/eldiariodesanpedro.com.ar\/sitio\/?p=40721"},"modified":"2018-09-22T10:35:30","modified_gmt":"2018-09-22T13:35:30","slug":"tres-personas-aprehendidas-por-pedido-de-captura-activa-2","status":"publish","type":"post","link":"https:\/\/eldiariodesanpedro.com.ar\/sitio\/tres-personas-aprehendidas-por-pedido-de-captura-activa-2\/","title":{"rendered":"Tres personas aprehendidas por pedido de captura activa"},"content":{"rendered":"<p><!-- VideographyWP Plugin Message: Automatic video embedding prevented by plugin options. --><br \/>\nDurante el d\u00eda viernes, personal policial en el marco de distintos operativos, procedieron a la aprehension de cuatro personas que al ser identificadas ten\u00edan pedido de captura activa.<\/p>\n<p>La primera seg\u00fan cuenta el parte policial fue en calle Mitre y peatonal, de un hombre de 38 a\u00f1os de edad con pedido de captura  del a\u00f1o 2007 a requerimiento Juzgado de Paz Capit\u00e1n Sarmiento y pedido paradero activo en causa judicial del a\u00f1o 2017, a requerimiento Tribunal Criminal N\u00ba1 Dptal de San Nicolas.<\/p>\n<p>Luego en horas de la tarde, en  calle Mitre y Balcarce, un joven de 26, quien  registra pedido paradero activo reciente causa judicial, a requerimiento del Juzgado Correccional N\u00ba 1 de San Nicolas.<\/p>\n<p>Y por ultimo personal policial del Destacamento de Rio Tala juntamente con personal Vial de San Pendro, en acceso a R\u00edo Tala y ruta 1001,  proceden a la aprehensi\u00f3n de un hombre de 40, quien registra Paradero Activo en Causa Judicial solicitado por  Fiscalia de La Matanza, mantenida comunicaci\u00f3n con ese Estrado, se dispuso recaudos legales.<\/p>\n","protected":false},"excerpt":{"rendered":"<p>Durante el d\u00eda viernes, personal policial en el marco de distintos operativos, procedieron a la aprehension de cuatro personas que al ser identificadas ten\u00edan pedido de captura activa. La primera seg\u00fan cuenta el parte policial fue en calle Mitre y peatonal, de un hombre de 38 a\u00f1os de edad con pedido de captura del a\u00f1o [&hellip;]<\/p>\n","protected":false},"author":4,"featured_media":13371,"comment_status":"open","ping_status":"closed","sticky":false,"template":"","format":"standard","meta":{"om_disable_all_campaigns":false,"_jetpack_memberships_contains_paid_content":false,"footnotes":""},"categories":[2,103],"tags":[],"class_list":["post-40721","post","type-post","status-publish","format-standard","has-post-thumbnail","hentry","category-locales","category-policiales-locales"],"aioseo_notices":[],"gutentor_comment":0,"jetpack_featured_media_url":"https:\/\/eldiariodesanpedro.com.ar\/sitio\/wp-content\/uploads\/2017\/01\/Patrulla-3-e1485286104708.jpg","jetpack_shortlink":"https:\/\/wp.me\/p6RhLt-aAN","jetpack_sharing_enabled":true,"_links":{"self":[{"href":"https:\/\/eldiariodesanpedro.com.ar\/sitio\/wp-json\/wp\/v2\/posts\/40721","targetHints":{"allow":["GET"]}}],"collection":[{"href":"https:\/\/eldiariodesanpedro.com.ar\/sitio\/wp-json\/wp\/v2\/posts"}],"about":[{"href":"https:\/\/eldiariodesanpedro.com.ar\/sitio\/wp-json\/wp\/v2\/types\/post"}],"author":[{"embeddable":true,"href":"https:\/\/eldiariodesanpedro.com.ar\/sitio\/wp-json\/wp\/v2\/users\/4"}],"replies":[{"embeddable":true,"href":"https:\/\/eldiariodesanpedro.com.ar\/sitio\/wp-json\/wp\/v2\/comments?post=40721"}],"version-history":[{"count":1,"href":"https:\/\/eldiariodesanpedro.com.ar\/sitio\/wp-json\/wp\/v2\/posts\/40721\/revisions"}],"predecessor-version":[{"id":40722,"href":"https:\/\/eldiariodesanpedro.com.ar\/sitio\/wp-json\/wp\/v2\/posts\/40721\/revisions\/40722"}],"wp:featuredmedia":[{"embeddable":true,"href":"https:\/\/eldiariodesanpedro.com.ar\/sitio\/wp-json\/wp\/v2\/media\/13371"}],"wp:attachment":[{"href":"https:\/\/eldiariodesanpedro.com.ar\/sitio\/wp-json\/wp\/v2\/media?parent=40721"}],"wp:term":[{"taxonomy":"category","embeddable":true,"href":"https:\/\/eldiariodesanpedro.com.ar\/sitio\/wp-json\/wp\/v2\/categories?post=40721"},{"taxonomy":"post_tag","embeddable":true,"href":"https:\/\/eldiariodesanpedro.com.ar\/sitio\/wp-json\/wp\/v2\/tags?post=40721"}],"curies":[{"name":"wp","href":"https:\/\/api.w.org\/{rel}","templated":true}]}}