{"id":40716,"date":"2018-09-22T10:21:02","date_gmt":"2018-09-22T13:21:02","guid":{"rendered":"https:\/\/eldiariodesanpedro.com.ar\/sitio\/?p=40716"},"modified":"2018-09-22T10:21:02","modified_gmt":"2018-09-22T13:21:02","slug":"robaron-los-persiguieron-y-al-perder-uno-de-ellos-el-documento-fue-identificado","status":"publish","type":"post","link":"https:\/\/eldiariodesanpedro.com.ar\/sitio\/robaron-los-persiguieron-y-al-perder-uno-de-ellos-el-documento-fue-identificado\/","title":{"rendered":"Robaron, los persiguieron y al perder uno de ellos el documento fue identificado"},"content":{"rendered":"<p><!-- VideographyWP Plugin Message: Automatic video embedding prevented by plugin options. --><br \/>\nCerca del mediod\u00eda del viernes, una ciudadana mayor de edad, recepciono su denuncia en La Dependencia Local luego de ser asaltada por dos delincuentes en la v\u00eda publica.<\/p>\n<p>La abuela contaba que,  caminaba por la Avenida 11 de septiembre altura \u201cPLAZA LA AMISTAD\u201d cuando es sorprendida por un malviviente que circulaba en una bicicleta junto a otro sujeto, en la cual el conductor le arrebata la cartera con elementos en su interior d\u00e1ndose a la fuga.<\/p>\n<p>Al producirse el hecho en un lugar publico, tuvo la ayuda de terceros, quienes los persiguieron y en corta distancia fueron alcanzados recuperando sus efectos, pero los delincuentes igualmente escaparon perdiendo, uno de ellos, la  c\u00e9dula de documento nacional de identidad, logr\u00e1ndose su identificaci\u00f3n resultando un joven de 18 a\u00f1os de edad. <\/p>\n<p>investiga el hecho la fiscal\u00eda en turno de san pedro, procur\u00e1ndose la detenci\u00f3n de imputado e individualizaci\u00f3n de sujeto restante.<\/p>\n","protected":false},"excerpt":{"rendered":"<p>Cerca del mediod\u00eda del viernes, una ciudadana mayor de edad, recepciono su denuncia en La Dependencia Local luego de ser asaltada por dos delincuentes en la v\u00eda publica. La abuela contaba que, caminaba por la Avenida 11 de septiembre altura \u201cPLAZA LA AMISTAD\u201d cuando es sorprendida por un malviviente que circulaba en una bicicleta junto [&hellip;]<\/p>\n","protected":false},"author":4,"featured_media":40719,"comment_status":"open","ping_status":"closed","sticky":false,"template":"","format":"standard","meta":{"om_disable_all_campaigns":false,"_jetpack_memberships_contains_paid_content":false,"footnotes":""},"categories":[50,2,103],"tags":[],"class_list":["post-40716","post","type-post","status-publish","format-standard","has-post-thumbnail","hentry","category-destacadas","category-locales","category-policiales-locales"],"aioseo_notices":[],"gutentor_comment":0,"jetpack_featured_media_url":"https:\/\/eldiariodesanpedro.com.ar\/sitio\/wp-content\/uploads\/2018\/09\/ARREBATO-Copiar.jpg","jetpack_shortlink":"https:\/\/wp.me\/p6RhLt-aAI","jetpack_sharing_enabled":true,"_links":{"self":[{"href":"https:\/\/eldiariodesanpedro.com.ar\/sitio\/wp-json\/wp\/v2\/posts\/40716","targetHints":{"allow":["GET"]}}],"collection":[{"href":"https:\/\/eldiariodesanpedro.com.ar\/sitio\/wp-json\/wp\/v2\/posts"}],"about":[{"href":"https:\/\/eldiariodesanpedro.com.ar\/sitio\/wp-json\/wp\/v2\/types\/post"}],"author":[{"embeddable":true,"href":"https:\/\/eldiariodesanpedro.com.ar\/sitio\/wp-json\/wp\/v2\/users\/4"}],"replies":[{"embeddable":true,"href":"https:\/\/eldiariodesanpedro.com.ar\/sitio\/wp-json\/wp\/v2\/comments?post=40716"}],"version-history":[{"count":1,"href":"https:\/\/eldiariodesanpedro.com.ar\/sitio\/wp-json\/wp\/v2\/posts\/40716\/revisions"}],"predecessor-version":[{"id":40720,"href":"https:\/\/eldiariodesanpedro.com.ar\/sitio\/wp-json\/wp\/v2\/posts\/40716\/revisions\/40720"}],"wp:featuredmedia":[{"embeddable":true,"href":"https:\/\/eldiariodesanpedro.com.ar\/sitio\/wp-json\/wp\/v2\/media\/40719"}],"wp:attachment":[{"href":"https:\/\/eldiariodesanpedro.com.ar\/sitio\/wp-json\/wp\/v2\/media?parent=40716"}],"wp:term":[{"taxonomy":"category","embeddable":true,"href":"https:\/\/eldiariodesanpedro.com.ar\/sitio\/wp-json\/wp\/v2\/categories?post=40716"},{"taxonomy":"post_tag","embeddable":true,"href":"https:\/\/eldiariodesanpedro.com.ar\/sitio\/wp-json\/wp\/v2\/tags?post=40716"}],"curies":[{"name":"wp","href":"https:\/\/api.w.org\/{rel}","templated":true}]}}