{"id":40714,"date":"2018-09-22T10:03:11","date_gmt":"2018-09-22T13:03:11","guid":{"rendered":"https:\/\/eldiariodesanpedro.com.ar\/sitio\/?p=40714"},"modified":"2018-09-22T10:03:11","modified_gmt":"2018-09-22T13:03:11","slug":"dos-menores-fueron-aprehendidas-y-una-de-ellas-agredio-al-oficial-en-la-dependencia-local","status":"publish","type":"post","link":"https:\/\/eldiariodesanpedro.com.ar\/sitio\/dos-menores-fueron-aprehendidas-y-una-de-ellas-agredio-al-oficial-en-la-dependencia-local\/","title":{"rendered":"Dos menores fueron aprehendidas y una de ellas agredi\u00f3 al oficial en la Dependencia Local"},"content":{"rendered":"<p><!-- VideographyWP Plugin Message: Automatic video embedding prevented by plugin options. --><br \/>\nEn la madrugada de hoy personal policial es alertado por disturbios que se estaban produciendo en la v\u00eda publica con armas blanca que tras r\u00e1pido accionar fueron aprehendidas dos adolescentes y un hombre mayor de edad.<\/p>\n<p>El hecho ocurri\u00f3 en cercan\u00edas de Mitre y Colon, cuando las personas aprehendidas estaban teniendo una reyerta con dos mujeres mayores de edad, que al ser agredidas por elementos cortantes, sufrieron cortes miembros superiores que requirieron sutura, sin riesgo. De car\u00e1cter leves.<\/p>\n<p>En poder de una de las adolescentes y del hombre se secuestraron sendas de armas blancas, que utilizaron para atacar y lesionar a las victimas.<\/p>\n<p>Tambi\u00e9n en la sede policial, se produjo un hecho de violencia cuando una de las menores  agredi\u00f3 a una oficial que cumpl\u00eda funciones en la oficina de guardia y se dispon\u00eda a identificarla para su debido registro. Le propino golpe en regi\u00f3n cervical que requiri\u00f3 asistencia preventiva. <\/p>\n<p>Intervino la fiscal\u00eda juvenil de San Nicolas, habiendo recuperado libertad los agresores tras cumplimentar recaudos legales.<\/p>\n","protected":false},"excerpt":{"rendered":"<p>En la madrugada de hoy personal policial es alertado por disturbios que se estaban produciendo en la v\u00eda publica con armas blanca que tras r\u00e1pido accionar fueron aprehendidas dos adolescentes y un hombre mayor de edad. El hecho ocurri\u00f3 en cercan\u00edas de Mitre y Colon, cuando las personas aprehendidas estaban teniendo una reyerta con dos [&hellip;]<\/p>\n","protected":false},"author":4,"featured_media":34429,"comment_status":"open","ping_status":"closed","sticky":false,"template":"","format":"standard","meta":{"om_disable_all_campaigns":false,"_jetpack_memberships_contains_paid_content":false,"footnotes":""},"categories":[50,2,103],"tags":[],"class_list":["post-40714","post","type-post","status-publish","format-standard","has-post-thumbnail","hentry","category-destacadas","category-locales","category-policiales-locales"],"aioseo_notices":[],"gutentor_comment":0,"jetpack_featured_media_url":"https:\/\/eldiariodesanpedro.com.ar\/sitio\/wp-content\/uploads\/2018\/06\/comisaria_17.jpg","jetpack_shortlink":"https:\/\/wp.me\/p6RhLt-aAG","jetpack_sharing_enabled":true,"_links":{"self":[{"href":"https:\/\/eldiariodesanpedro.com.ar\/sitio\/wp-json\/wp\/v2\/posts\/40714","targetHints":{"allow":["GET"]}}],"collection":[{"href":"https:\/\/eldiariodesanpedro.com.ar\/sitio\/wp-json\/wp\/v2\/posts"}],"about":[{"href":"https:\/\/eldiariodesanpedro.com.ar\/sitio\/wp-json\/wp\/v2\/types\/post"}],"author":[{"embeddable":true,"href":"https:\/\/eldiariodesanpedro.com.ar\/sitio\/wp-json\/wp\/v2\/users\/4"}],"replies":[{"embeddable":true,"href":"https:\/\/eldiariodesanpedro.com.ar\/sitio\/wp-json\/wp\/v2\/comments?post=40714"}],"version-history":[{"count":1,"href":"https:\/\/eldiariodesanpedro.com.ar\/sitio\/wp-json\/wp\/v2\/posts\/40714\/revisions"}],"predecessor-version":[{"id":40715,"href":"https:\/\/eldiariodesanpedro.com.ar\/sitio\/wp-json\/wp\/v2\/posts\/40714\/revisions\/40715"}],"wp:featuredmedia":[{"embeddable":true,"href":"https:\/\/eldiariodesanpedro.com.ar\/sitio\/wp-json\/wp\/v2\/media\/34429"}],"wp:attachment":[{"href":"https:\/\/eldiariodesanpedro.com.ar\/sitio\/wp-json\/wp\/v2\/media?parent=40714"}],"wp:term":[{"taxonomy":"category","embeddable":true,"href":"https:\/\/eldiariodesanpedro.com.ar\/sitio\/wp-json\/wp\/v2\/categories?post=40714"},{"taxonomy":"post_tag","embeddable":true,"href":"https:\/\/eldiariodesanpedro.com.ar\/sitio\/wp-json\/wp\/v2\/tags?post=40714"}],"curies":[{"name":"wp","href":"https:\/\/api.w.org\/{rel}","templated":true}]}}