{"id":40710,"date":"2018-09-22T09:41:47","date_gmt":"2018-09-22T12:41:47","guid":{"rendered":"https:\/\/eldiariodesanpedro.com.ar\/sitio\/?p=40710"},"modified":"2018-09-22T09:41:47","modified_gmt":"2018-09-22T12:41:47","slug":"comienza-la-colocacion-de-mosaicos-para-la-escalera-y-paseo-de-las-flores","status":"publish","type":"post","link":"https:\/\/eldiariodesanpedro.com.ar\/sitio\/comienza-la-colocacion-de-mosaicos-para-la-escalera-y-paseo-de-las-flores\/","title":{"rendered":"Comienza la colocaci\u00f3n de mosaicos para la Escalera y Paseo de Las Flores"},"content":{"rendered":"<p><!-- VideographyWP Plugin Message: Automatic video embedding prevented by plugin options. --><br \/>\nEsta  ma\u00f1ana  comenz\u00f3 la instalaci\u00f3n del primer cuadro de mosaicos en el Paseo de las Flores sobre la escalera que conecta la Avenida Costanera con el Bulevard Paran\u00e1. <\/p>\n<p>Las artistas sampedrinas Mar\u00eda Luz Mendez y Mariana Maroli est\u00e1n trabajando desde la primera hora del d\u00eda y los que lo deseen est\u00e1n invitados a acercarse para visualizar este trabajo al que luego lo seguir\u00e1 el revestimiento de diferentes espacios de esa escalera con materiales similares.<\/p>\n<p><img decoding=\"async\" data-attachment-id=\"40711\" data-permalink=\"https:\/\/eldiariodesanpedro.com.ar\/sitio\/comienza-la-colocacion-de-mosaicos-para-la-escalera-y-paseo-de-las-flores\/whatsapp-image-2018-09-22-at-08-35-56\/\" data-orig-file=\"https:\/\/eldiariodesanpedro.com.ar\/sitio\/wp-content\/uploads\/2018\/09\/WhatsApp-Image-2018-09-22-at-08.35.56.jpeg\" data-orig-size=\"720,1280\" data-comments-opened=\"1\" data-image-meta=\"{&quot;aperture&quot;:&quot;0&quot;,&quot;credit&quot;:&quot;&quot;,&quot;camera&quot;:&quot;&quot;,&quot;caption&quot;:&quot;&quot;,&quot;created_timestamp&quot;:&quot;0&quot;,&quot;copyright&quot;:&quot;&quot;,&quot;focal_length&quot;:&quot;0&quot;,&quot;iso&quot;:&quot;0&quot;,&quot;shutter_speed&quot;:&quot;0&quot;,&quot;title&quot;:&quot;&quot;,&quot;orientation&quot;:&quot;0&quot;}\" data-image-title=\"WhatsApp Image 2018-09-22 at 08.35.56\" data-image-description=\"\" data-image-caption=\"\" data-large-file=\"https:\/\/eldiariodesanpedro.com.ar\/sitio\/wp-content\/uploads\/2018\/09\/WhatsApp-Image-2018-09-22-at-08.35.56-576x1024.jpeg\" data-src=\"https:\/\/eldiariodesanpedro.com.ar\/sitio\/wp-content\/uploads\/2018\/09\/WhatsApp-Image-2018-09-22-at-08.35.56-576x1024.jpeg\" alt=\"\" width=\"576\" height=\"1024\" class=\"alignnone size-large wp-image-40711 lazyload\" data-srcset=\"https:\/\/eldiariodesanpedro.com.ar\/sitio\/wp-content\/uploads\/2018\/09\/WhatsApp-Image-2018-09-22-at-08.35.56-576x1024.jpeg 576w, https:\/\/eldiariodesanpedro.com.ar\/sitio\/wp-content\/uploads\/2018\/09\/WhatsApp-Image-2018-09-22-at-08.35.56-169x300.jpeg 169w, https:\/\/eldiariodesanpedro.com.ar\/sitio\/wp-content\/uploads\/2018\/09\/WhatsApp-Image-2018-09-22-at-08.35.56.jpeg 720w\" data-sizes=\"(max-width: 576px) 100vw, 576px\" src=\"data:image\/svg+xml;base64,PHN2ZyB3aWR0aD0iMSIgaGVpZ2h0PSIxIiB4bWxucz0iaHR0cDovL3d3dy53My5vcmcvMjAwMC9zdmciPjwvc3ZnPg==\" style=\"--smush-placeholder-width: 576px; --smush-placeholder-aspect-ratio: 576\/1024;\" \/><\/p>\n","protected":false},"excerpt":{"rendered":"<p>Esta ma\u00f1ana comenz\u00f3 la instalaci\u00f3n del primer cuadro de mosaicos en el Paseo de las Flores sobre la escalera que conecta la Avenida Costanera con el Bulevard Paran\u00e1. Las artistas sampedrinas Mar\u00eda Luz Mendez y Mariana Maroli est\u00e1n trabajando desde la primera hora del d\u00eda y los que lo deseen est\u00e1n invitados a acercarse para [&hellip;]<\/p>\n","protected":false},"author":4,"featured_media":40712,"comment_status":"open","ping_status":"closed","sticky":false,"template":"","format":"standard","meta":{"om_disable_all_campaigns":false,"_jetpack_memberships_contains_paid_content":false,"footnotes":""},"categories":[101,2],"tags":[],"class_list":["post-40710","post","type-post","status-publish","format-standard","has-post-thumbnail","hentry","category-interes-general-locales","category-locales"],"aioseo_notices":[],"gutentor_comment":0,"jetpack_featured_media_url":"https:\/\/eldiariodesanpedro.com.ar\/sitio\/wp-content\/uploads\/2018\/09\/WhatsApp-Image-2018-09-22-at-08.35.56-1.jpeg","jetpack_shortlink":"https:\/\/wp.me\/p6RhLt-aAC","jetpack_sharing_enabled":true,"_links":{"self":[{"href":"https:\/\/eldiariodesanpedro.com.ar\/sitio\/wp-json\/wp\/v2\/posts\/40710","targetHints":{"allow":["GET"]}}],"collection":[{"href":"https:\/\/eldiariodesanpedro.com.ar\/sitio\/wp-json\/wp\/v2\/posts"}],"about":[{"href":"https:\/\/eldiariodesanpedro.com.ar\/sitio\/wp-json\/wp\/v2\/types\/post"}],"author":[{"embeddable":true,"href":"https:\/\/eldiariodesanpedro.com.ar\/sitio\/wp-json\/wp\/v2\/users\/4"}],"replies":[{"embeddable":true,"href":"https:\/\/eldiariodesanpedro.com.ar\/sitio\/wp-json\/wp\/v2\/comments?post=40710"}],"version-history":[{"count":1,"href":"https:\/\/eldiariodesanpedro.com.ar\/sitio\/wp-json\/wp\/v2\/posts\/40710\/revisions"}],"predecessor-version":[{"id":40713,"href":"https:\/\/eldiariodesanpedro.com.ar\/sitio\/wp-json\/wp\/v2\/posts\/40710\/revisions\/40713"}],"wp:featuredmedia":[{"embeddable":true,"href":"https:\/\/eldiariodesanpedro.com.ar\/sitio\/wp-json\/wp\/v2\/media\/40712"}],"wp:attachment":[{"href":"https:\/\/eldiariodesanpedro.com.ar\/sitio\/wp-json\/wp\/v2\/media?parent=40710"}],"wp:term":[{"taxonomy":"category","embeddable":true,"href":"https:\/\/eldiariodesanpedro.com.ar\/sitio\/wp-json\/wp\/v2\/categories?post=40710"},{"taxonomy":"post_tag","embeddable":true,"href":"https:\/\/eldiariodesanpedro.com.ar\/sitio\/wp-json\/wp\/v2\/tags?post=40710"}],"curies":[{"name":"wp","href":"https:\/\/api.w.org\/{rel}","templated":true}]}}