{"id":40703,"date":"2018-09-22T09:29:14","date_gmt":"2018-09-22T12:29:14","guid":{"rendered":"https:\/\/eldiariodesanpedro.com.ar\/sitio\/?p=40703"},"modified":"2018-09-22T09:29:14","modified_gmt":"2018-09-22T12:29:14","slug":"zarate-identificaron-al-hombre-que-fue-atropellado-y-abandonado-en-av-lavalle-compartir","status":"publish","type":"post","link":"https:\/\/eldiariodesanpedro.com.ar\/sitio\/zarate-identificaron-al-hombre-que-fue-atropellado-y-abandonado-en-av-lavalle-compartir\/","title":{"rendered":"ZARATE: Identificaron al hombre que fue atropellado y abandonado en Av. Lavalle   Compartir"},"content":{"rendered":"<p><!-- VideographyWP Plugin Message: Automatic video embedding prevented by plugin options. --><br \/>\nUn hombre que circulaba en bicicleta por Av. Lavalle, altura Saenz Pe\u00f1a, fue embestido por una camioneta que se dio a la fuga.<\/p>\n<p>Testigos ocasionales del hecho aseguraron que se trata de una Toyota Hilux blanca que no intent\u00f3 frenar y ni asistir a la v\u00edctima.<\/p>\n<p>El muchacho fue identificado como Gabriel Carboni, de 42 a\u00f1os de edad y era repositor en el Viejo Almac\u00e9n.<\/p>\n<p>Ya interviene la justicia y los operadores de la DPU para dar con la patente del veh\u00edculo.<\/p>\n<p>Hasta el lugar se acerc\u00f3 la ambulancia del SEMU, Comando Patrulla, DPU, Polic\u00eda Cient\u00edfica, familiares y compa\u00f1eros de trabajo.<\/p>\n<p>Fuente: Enlace Critico<\/p>\n<p><img decoding=\"async\" data-attachment-id=\"40704\" data-permalink=\"https:\/\/eldiariodesanpedro.com.ar\/sitio\/zarate-identificaron-al-hombre-que-fue-atropellado-y-abandonado-en-av-lavalle-compartir\/dsc_0388\/\" data-orig-file=\"https:\/\/eldiariodesanpedro.com.ar\/sitio\/wp-content\/uploads\/2018\/09\/DSC_0388.jpg\" data-orig-size=\"658,400\" data-comments-opened=\"1\" data-image-meta=\"{&quot;aperture&quot;:&quot;5.6&quot;,&quot;credit&quot;:&quot;&quot;,&quot;camera&quot;:&quot;NIKON D5100&quot;,&quot;caption&quot;:&quot;&quot;,&quot;created_timestamp&quot;:&quot;1467369387&quot;,&quot;copyright&quot;:&quot;&quot;,&quot;focal_length&quot;:&quot;105&quot;,&quot;iso&quot;:&quot;1600&quot;,&quot;shutter_speed&quot;:&quot;0.00125&quot;,&quot;title&quot;:&quot;&quot;,&quot;orientation&quot;:&quot;1&quot;}\" data-image-title=\"DSC_0388\" data-image-description=\"\" data-image-caption=\"\" data-large-file=\"https:\/\/eldiariodesanpedro.com.ar\/sitio\/wp-content\/uploads\/2018\/09\/DSC_0388.jpg\" data-src=\"https:\/\/eldiariodesanpedro.com.ar\/sitio\/wp-content\/uploads\/2018\/09\/DSC_0388.jpg\" alt=\"\" width=\"658\" height=\"400\" class=\"alignnone size-full wp-image-40704 lazyload\" data-srcset=\"https:\/\/eldiariodesanpedro.com.ar\/sitio\/wp-content\/uploads\/2018\/09\/DSC_0388.jpg 658w, https:\/\/eldiariodesanpedro.com.ar\/sitio\/wp-content\/uploads\/2018\/09\/DSC_0388-300x182.jpg 300w\" data-sizes=\"(max-width: 658px) 100vw, 658px\" src=\"data:image\/svg+xml;base64,PHN2ZyB3aWR0aD0iMSIgaGVpZ2h0PSIxIiB4bWxucz0iaHR0cDovL3d3dy53My5vcmcvMjAwMC9zdmciPjwvc3ZnPg==\" style=\"--smush-placeholder-width: 658px; --smush-placeholder-aspect-ratio: 658\/400;\" \/><\/p>\n<p><img decoding=\"async\" data-attachment-id=\"40705\" data-permalink=\"https:\/\/eldiariodesanpedro.com.ar\/sitio\/zarate-identificaron-al-hombre-que-fue-atropellado-y-abandonado-en-av-lavalle-compartir\/dsc_0391\/\" data-orig-file=\"https:\/\/eldiariodesanpedro.com.ar\/sitio\/wp-content\/uploads\/2018\/09\/DSC_0391.jpg\" data-orig-size=\"658,400\" data-comments-opened=\"1\" data-image-meta=\"{&quot;aperture&quot;:&quot;5.6&quot;,&quot;credit&quot;:&quot;&quot;,&quot;camera&quot;:&quot;NIKON D5100&quot;,&quot;caption&quot;:&quot;&quot;,&quot;created_timestamp&quot;:&quot;1467370653&quot;,&quot;copyright&quot;:&quot;&quot;,&quot;focal_length&quot;:&quot;105&quot;,&quot;iso&quot;:&quot;1600&quot;,&quot;shutter_speed&quot;:&quot;0.001&quot;,&quot;title&quot;:&quot;&quot;,&quot;orientation&quot;:&quot;1&quot;}\" data-image-title=\"DSC_0391\" data-image-description=\"\" data-image-caption=\"\" data-large-file=\"https:\/\/eldiariodesanpedro.com.ar\/sitio\/wp-content\/uploads\/2018\/09\/DSC_0391.jpg\" data-src=\"https:\/\/eldiariodesanpedro.com.ar\/sitio\/wp-content\/uploads\/2018\/09\/DSC_0391.jpg\" alt=\"\" width=\"658\" height=\"400\" class=\"alignnone size-large wp-image-40705 lazyload\" data-srcset=\"https:\/\/eldiariodesanpedro.com.ar\/sitio\/wp-content\/uploads\/2018\/09\/DSC_0391.jpg 658w, https:\/\/eldiariodesanpedro.com.ar\/sitio\/wp-content\/uploads\/2018\/09\/DSC_0391-300x182.jpg 300w\" data-sizes=\"(max-width: 658px) 100vw, 658px\" src=\"data:image\/svg+xml;base64,PHN2ZyB3aWR0aD0iMSIgaGVpZ2h0PSIxIiB4bWxucz0iaHR0cDovL3d3dy53My5vcmcvMjAwMC9zdmciPjwvc3ZnPg==\" style=\"--smush-placeholder-width: 658px; --smush-placeholder-aspect-ratio: 658\/400;\" \/><\/p>\n<p><img decoding=\"async\" data-attachment-id=\"40706\" data-permalink=\"https:\/\/eldiariodesanpedro.com.ar\/sitio\/zarate-identificaron-al-hombre-que-fue-atropellado-y-abandonado-en-av-lavalle-compartir\/dsc_0392\/\" data-orig-file=\"https:\/\/eldiariodesanpedro.com.ar\/sitio\/wp-content\/uploads\/2018\/09\/DSC_0392.jpg\" data-orig-size=\"658,400\" data-comments-opened=\"1\" data-image-meta=\"{&quot;aperture&quot;:&quot;4.5&quot;,&quot;credit&quot;:&quot;&quot;,&quot;camera&quot;:&quot;NIKON D5100&quot;,&quot;caption&quot;:&quot;&quot;,&quot;created_timestamp&quot;:&quot;1467370654&quot;,&quot;copyright&quot;:&quot;&quot;,&quot;focal_length&quot;:&quot;18&quot;,&quot;iso&quot;:&quot;1600&quot;,&quot;shutter_speed&quot;:&quot;0.0003125&quot;,&quot;title&quot;:&quot;&quot;,&quot;orientation&quot;:&quot;1&quot;}\" data-image-title=\"DSC_0392\" data-image-description=\"\" data-image-caption=\"\" data-large-file=\"https:\/\/eldiariodesanpedro.com.ar\/sitio\/wp-content\/uploads\/2018\/09\/DSC_0392.jpg\" data-src=\"https:\/\/eldiariodesanpedro.com.ar\/sitio\/wp-content\/uploads\/2018\/09\/DSC_0392.jpg\" alt=\"\" width=\"658\" height=\"400\" class=\"alignnone size-large wp-image-40706 lazyload\" data-srcset=\"https:\/\/eldiariodesanpedro.com.ar\/sitio\/wp-content\/uploads\/2018\/09\/DSC_0392.jpg 658w, https:\/\/eldiariodesanpedro.com.ar\/sitio\/wp-content\/uploads\/2018\/09\/DSC_0392-300x182.jpg 300w\" data-sizes=\"(max-width: 658px) 100vw, 658px\" src=\"data:image\/svg+xml;base64,PHN2ZyB3aWR0aD0iMSIgaGVpZ2h0PSIxIiB4bWxucz0iaHR0cDovL3d3dy53My5vcmcvMjAwMC9zdmciPjwvc3ZnPg==\" style=\"--smush-placeholder-width: 658px; --smush-placeholder-aspect-ratio: 658\/400;\" \/><\/p>\n<p><img decoding=\"async\" data-attachment-id=\"40707\" data-permalink=\"https:\/\/eldiariodesanpedro.com.ar\/sitio\/zarate-identificaron-al-hombre-que-fue-atropellado-y-abandonado-en-av-lavalle-compartir\/dsc_0394-3\/\" data-orig-file=\"https:\/\/eldiariodesanpedro.com.ar\/sitio\/wp-content\/uploads\/2018\/09\/DSC_0394.jpg\" data-orig-size=\"658,400\" data-comments-opened=\"1\" data-image-meta=\"{&quot;aperture&quot;:&quot;5.6&quot;,&quot;credit&quot;:&quot;&quot;,&quot;camera&quot;:&quot;NIKON D5100&quot;,&quot;caption&quot;:&quot;&quot;,&quot;created_timestamp&quot;:&quot;1467370728&quot;,&quot;copyright&quot;:&quot;&quot;,&quot;focal_length&quot;:&quot;105&quot;,&quot;iso&quot;:&quot;1600&quot;,&quot;shutter_speed&quot;:&quot;0.00125&quot;,&quot;title&quot;:&quot;&quot;,&quot;orientation&quot;:&quot;1&quot;}\" data-image-title=\"DSC_0394\" data-image-description=\"\" data-image-caption=\"\" data-large-file=\"https:\/\/eldiariodesanpedro.com.ar\/sitio\/wp-content\/uploads\/2018\/09\/DSC_0394.jpg\" data-src=\"https:\/\/eldiariodesanpedro.com.ar\/sitio\/wp-content\/uploads\/2018\/09\/DSC_0394.jpg\" alt=\"\" width=\"658\" height=\"400\" class=\"alignnone size-large wp-image-40707 lazyload\" data-srcset=\"https:\/\/eldiariodesanpedro.com.ar\/sitio\/wp-content\/uploads\/2018\/09\/DSC_0394.jpg 658w, https:\/\/eldiariodesanpedro.com.ar\/sitio\/wp-content\/uploads\/2018\/09\/DSC_0394-300x182.jpg 300w\" data-sizes=\"(max-width: 658px) 100vw, 658px\" src=\"data:image\/svg+xml;base64,PHN2ZyB3aWR0aD0iMSIgaGVpZ2h0PSIxIiB4bWxucz0iaHR0cDovL3d3dy53My5vcmcvMjAwMC9zdmciPjwvc3ZnPg==\" style=\"--smush-placeholder-width: 658px; --smush-placeholder-aspect-ratio: 658\/400;\" \/><\/p>\n<p><img decoding=\"async\" data-attachment-id=\"40708\" data-permalink=\"https:\/\/eldiariodesanpedro.com.ar\/sitio\/zarate-identificaron-al-hombre-que-fue-atropellado-y-abandonado-en-av-lavalle-compartir\/dsc_0398-2\/\" data-orig-file=\"https:\/\/eldiariodesanpedro.com.ar\/sitio\/wp-content\/uploads\/2018\/09\/DSC_0398.jpg\" data-orig-size=\"658,400\" data-comments-opened=\"1\" data-image-meta=\"{&quot;aperture&quot;:&quot;4.5&quot;,&quot;credit&quot;:&quot;&quot;,&quot;camera&quot;:&quot;NIKON D5100&quot;,&quot;caption&quot;:&quot;&quot;,&quot;created_timestamp&quot;:&quot;1467372260&quot;,&quot;copyright&quot;:&quot;&quot;,&quot;focal_length&quot;:&quot;24&quot;,&quot;iso&quot;:&quot;1600&quot;,&quot;shutter_speed&quot;:&quot;0.0004&quot;,&quot;title&quot;:&quot;&quot;,&quot;orientation&quot;:&quot;1&quot;}\" data-image-title=\"DSC_0398\" data-image-description=\"\" data-image-caption=\"\" data-large-file=\"https:\/\/eldiariodesanpedro.com.ar\/sitio\/wp-content\/uploads\/2018\/09\/DSC_0398.jpg\" data-src=\"https:\/\/eldiariodesanpedro.com.ar\/sitio\/wp-content\/uploads\/2018\/09\/DSC_0398.jpg\" alt=\"\" width=\"658\" height=\"400\" class=\"alignnone size-large wp-image-40708 lazyload\" data-srcset=\"https:\/\/eldiariodesanpedro.com.ar\/sitio\/wp-content\/uploads\/2018\/09\/DSC_0398.jpg 658w, https:\/\/eldiariodesanpedro.com.ar\/sitio\/wp-content\/uploads\/2018\/09\/DSC_0398-300x182.jpg 300w\" data-sizes=\"(max-width: 658px) 100vw, 658px\" src=\"data:image\/svg+xml;base64,PHN2ZyB3aWR0aD0iMSIgaGVpZ2h0PSIxIiB4bWxucz0iaHR0cDovL3d3dy53My5vcmcvMjAwMC9zdmciPjwvc3ZnPg==\" style=\"--smush-placeholder-width: 658px; --smush-placeholder-aspect-ratio: 658\/400;\" \/><\/p>\n","protected":false},"excerpt":{"rendered":"<p>Un hombre que circulaba en bicicleta por Av. Lavalle, altura Saenz Pe\u00f1a, fue embestido por una camioneta que se dio a la fuga. Testigos ocasionales del hecho aseguraron que se trata de una Toyota Hilux blanca que no intent\u00f3 frenar y ni asistir a la v\u00edctima. El muchacho fue identificado como Gabriel Carboni, de 42 [&hellip;]<\/p>\n","protected":false},"author":4,"featured_media":40707,"comment_status":"open","ping_status":"closed","sticky":false,"template":"","format":"standard","meta":{"om_disable_all_campaigns":false,"_jetpack_memberships_contains_paid_content":false,"footnotes":""},"categories":[621],"tags":[],"class_list":["post-40703","post","type-post","status-publish","format-standard","has-post-thumbnail","hentry","category-regionales"],"aioseo_notices":[],"gutentor_comment":0,"jetpack_featured_media_url":"https:\/\/eldiariodesanpedro.com.ar\/sitio\/wp-content\/uploads\/2018\/09\/DSC_0394.jpg","jetpack_shortlink":"https:\/\/wp.me\/p6RhLt-aAv","jetpack_sharing_enabled":true,"_links":{"self":[{"href":"https:\/\/eldiariodesanpedro.com.ar\/sitio\/wp-json\/wp\/v2\/posts\/40703","targetHints":{"allow":["GET"]}}],"collection":[{"href":"https:\/\/eldiariodesanpedro.com.ar\/sitio\/wp-json\/wp\/v2\/posts"}],"about":[{"href":"https:\/\/eldiariodesanpedro.com.ar\/sitio\/wp-json\/wp\/v2\/types\/post"}],"author":[{"embeddable":true,"href":"https:\/\/eldiariodesanpedro.com.ar\/sitio\/wp-json\/wp\/v2\/users\/4"}],"replies":[{"embeddable":true,"href":"https:\/\/eldiariodesanpedro.com.ar\/sitio\/wp-json\/wp\/v2\/comments?post=40703"}],"version-history":[{"count":1,"href":"https:\/\/eldiariodesanpedro.com.ar\/sitio\/wp-json\/wp\/v2\/posts\/40703\/revisions"}],"predecessor-version":[{"id":40709,"href":"https:\/\/eldiariodesanpedro.com.ar\/sitio\/wp-json\/wp\/v2\/posts\/40703\/revisions\/40709"}],"wp:featuredmedia":[{"embeddable":true,"href":"https:\/\/eldiariodesanpedro.com.ar\/sitio\/wp-json\/wp\/v2\/media\/40707"}],"wp:attachment":[{"href":"https:\/\/eldiariodesanpedro.com.ar\/sitio\/wp-json\/wp\/v2\/media?parent=40703"}],"wp:term":[{"taxonomy":"category","embeddable":true,"href":"https:\/\/eldiariodesanpedro.com.ar\/sitio\/wp-json\/wp\/v2\/categories?post=40703"},{"taxonomy":"post_tag","embeddable":true,"href":"https:\/\/eldiariodesanpedro.com.ar\/sitio\/wp-json\/wp\/v2\/tags?post=40703"}],"curies":[{"name":"wp","href":"https:\/\/api.w.org\/{rel}","templated":true}]}}