{"id":40695,"date":"2018-09-21T21:01:21","date_gmt":"2018-09-22T00:01:21","guid":{"rendered":"https:\/\/eldiariodesanpedro.com.ar\/sitio\/?p=40695"},"modified":"2018-09-21T21:01:21","modified_gmt":"2018-09-22T00:01:21","slug":"campana-la-embajada-de-japon-dono-equipamientos-medicos-para-la-unidad-coronaria-del-hospital-municipal","status":"publish","type":"post","link":"https:\/\/eldiariodesanpedro.com.ar\/sitio\/campana-la-embajada-de-japon-dono-equipamientos-medicos-para-la-unidad-coronaria-del-hospital-municipal\/","title":{"rendered":"CAMPANA: La Embajada de Jap\u00f3n don\u00f3 equipamientos m\u00e9dicos para la Unidad Coronaria del Hospital Municipal"},"content":{"rendered":"<p><!-- VideographyWP Plugin Message: Automatic video embedding prevented by plugin options. --><br \/>\nLa ceremonia de entrega formal de donaci\u00f3n a la Asociaci\u00f3n Cooperadora del Hospital Municipal San Jos\u00e9 se llev\u00f3 a cabo este mi\u00e9rcoles en el Hospital Municipal San Jos\u00e9.<\/p>\n<p>  Dicha donaci\u00f3n se realiz\u00f3 en virtud del contrato de donaci\u00f3n firmado el pasado 1 de marzo de 2018 para la realizaci\u00f3n del \u201cProyecto de Provisi\u00f3n de Equipamiento M\u00e9dico al Hospital Municipal San Jos\u00e9 de Campana\u201d por el valor de U$S46.157 en el marco de la Asistencia Financiera No Reembolsable para Proyectos Comunitarios de Seguridad Humana.<br \/>\n  Dicho fondo se destin\u00f3 a la compra de nueve monitores multiparam\u00e9tricos, una central de monitoreo y un respirador.<br \/>\n  En dicha ceremonia estuvieron presentes el Sr. Embajador de Jap\u00f3n en la Argentina Notiteru FUKUSHIMA, la Sra. Presidenta de la Asociaci\u00f3n Cooperadora del Hospital Municipal San Jos\u00e9 de Campana Sra. Aida BEAUQUIS DE FABBRO, miembros de la Comisi\u00f3n Directiva, el Sr. Intendente Sebasti\u00e1n ABELLA, el Sr. secretario de Salud Dr. Ernesto MEIRALDI, el Sr. Presidente de HONDA Motor de Argentina Sr. Seiji SAITO, el Sr. director Ejecutivo del Hospital Dr. Juan Marcelo MEDINA y personal de Salud del Hospital.<\/p>\n<p>APC<br \/>\n  La \u201cAsistencia Financiera No Reembolsable Para Proyectos Comunitarios de Seguridad Humana (APC)\u201d tiene como objetivo brindar esta cooperaci\u00f3n a organizaciones sin fines de lucro tales como organizaciones no gubernamentales, organismos de gobiernos locales, instituciones m\u00e9dicas, instituciones educativas, entre otros, para ayudar el desarrollo socio-econ\u00f3mico a nivel comunitario, satisfaciendo las necesidades b\u00e1sicas de la comunidad local.<\/p>\n<p>Fuente: Enlace Cr\u00edtico<\/p>\n","protected":false},"excerpt":{"rendered":"<p>La ceremonia de entrega formal de donaci\u00f3n a la Asociaci\u00f3n Cooperadora del Hospital Municipal San Jos\u00e9 se llev\u00f3 a cabo este mi\u00e9rcoles en el Hospital Municipal San Jos\u00e9. Dicha donaci\u00f3n se realiz\u00f3 en virtud del contrato de donaci\u00f3n firmado el pasado 1 de marzo de 2018 para la realizaci\u00f3n del \u201cProyecto de Provisi\u00f3n de Equipamiento [&hellip;]<\/p>\n","protected":false},"author":4,"featured_media":40697,"comment_status":"open","ping_status":"closed","sticky":false,"template":"","format":"standard","meta":{"om_disable_all_campaigns":false,"_jetpack_memberships_contains_paid_content":false,"footnotes":""},"categories":[621],"tags":[],"class_list":["post-40695","post","type-post","status-publish","format-standard","has-post-thumbnail","hentry","category-regionales"],"aioseo_notices":[],"gutentor_comment":0,"jetpack_featured_media_url":"https:\/\/eldiariodesanpedro.com.ar\/sitio\/wp-content\/uploads\/2018\/09\/donacion-embajadaja-japon-campana.jpg","jetpack_shortlink":"https:\/\/wp.me\/p6RhLt-aAn","jetpack_sharing_enabled":true,"_links":{"self":[{"href":"https:\/\/eldiariodesanpedro.com.ar\/sitio\/wp-json\/wp\/v2\/posts\/40695","targetHints":{"allow":["GET"]}}],"collection":[{"href":"https:\/\/eldiariodesanpedro.com.ar\/sitio\/wp-json\/wp\/v2\/posts"}],"about":[{"href":"https:\/\/eldiariodesanpedro.com.ar\/sitio\/wp-json\/wp\/v2\/types\/post"}],"author":[{"embeddable":true,"href":"https:\/\/eldiariodesanpedro.com.ar\/sitio\/wp-json\/wp\/v2\/users\/4"}],"replies":[{"embeddable":true,"href":"https:\/\/eldiariodesanpedro.com.ar\/sitio\/wp-json\/wp\/v2\/comments?post=40695"}],"version-history":[{"count":1,"href":"https:\/\/eldiariodesanpedro.com.ar\/sitio\/wp-json\/wp\/v2\/posts\/40695\/revisions"}],"predecessor-version":[{"id":40698,"href":"https:\/\/eldiariodesanpedro.com.ar\/sitio\/wp-json\/wp\/v2\/posts\/40695\/revisions\/40698"}],"wp:featuredmedia":[{"embeddable":true,"href":"https:\/\/eldiariodesanpedro.com.ar\/sitio\/wp-json\/wp\/v2\/media\/40697"}],"wp:attachment":[{"href":"https:\/\/eldiariodesanpedro.com.ar\/sitio\/wp-json\/wp\/v2\/media?parent=40695"}],"wp:term":[{"taxonomy":"category","embeddable":true,"href":"https:\/\/eldiariodesanpedro.com.ar\/sitio\/wp-json\/wp\/v2\/categories?post=40695"},{"taxonomy":"post_tag","embeddable":true,"href":"https:\/\/eldiariodesanpedro.com.ar\/sitio\/wp-json\/wp\/v2\/tags?post=40695"}],"curies":[{"name":"wp","href":"https:\/\/api.w.org\/{rel}","templated":true}]}}