{"id":40690,"date":"2018-09-21T20:54:34","date_gmt":"2018-09-21T23:54:34","guid":{"rendered":"https:\/\/eldiariodesanpedro.com.ar\/sitio\/?p=40690"},"modified":"2018-09-21T20:54:34","modified_gmt":"2018-09-21T23:54:34","slug":"arrecifes-protesta-en-la-estacion-de-servicios-oil","status":"publish","type":"post","link":"https:\/\/eldiariodesanpedro.com.ar\/sitio\/arrecifes-protesta-en-la-estacion-de-servicios-oil\/","title":{"rendered":"ARRECIFES: Protesta en la estaci\u00f3n de servicios Oil"},"content":{"rendered":"<p><!-- VideographyWP Plugin Message: Automatic video embedding prevented by plugin options. --><br \/>\nEl Sindicato de Obreros y Empleados de Estaciones de Servicio interrumpi\u00f3 ayer uno de los ingresos a la estaci\u00f3n Oil de Arrecifes, ubicada en ruta 51 y Av. Intendente Blanco.<\/p>\n<p>  Lo hizo por aproximadamente dos horas y haciendo sonar bombos, en reclamo por la situaci\u00f3n de uno de los trabajadores de esa empresa, a quien manifestaron se le descuenta m\u00e1s de la mitad de su sueldo por supuestos faltantes de dinero que el empleado no puede controlar y por suspensiones producto de esas diferencias de caja.<br \/>\n  El responsable del gremio SOESGyPE, Luis Coria, manifest\u00f3 en el m\u00f3vil de Radio Uno (107.1) lo mismo que hab\u00eda adelantado d\u00edas anteriores (ver nota), resumiendo que no les qued\u00f3 otra alternativa que adoptar esa medida de fuerza producto de la falta de respuestas de la firma Gastecmor, propietaria de la estaci\u00f3n de servicios.<br \/>\n  Adem\u00e1s, agreg\u00f3: \u201cCuando llegamos, aproximadamente a las 9:30, junto con el trabajador que tiene el problema, Carlos Vallejos, fuimos increpados por uno de los responsables de la empresa, quien nos trat\u00f3 de \u2018manga de ladrones\u2019. \u00c9se es el concepto que tiene esta gente de sus empleados. No obstante, nosotros seguimos abiertos al di\u00e1logo, pero hace m\u00e1s de un mes que estamos tratando de solucionar este problema y no nos llamaron m\u00e1s; por eso adoptamos esta medida, s\u00f3lo por un par de horas y sin interrumpir el trabajo de la estaci\u00f3n, ya que dejamos un acceso libre\u201d.<br \/>\n  Por otra parte, tambi\u00e9n por Radio Uno (107.1), Gustavo Cubino, gerente de Gastecmor, desminti\u00f3 las acusaciones de Coria, sostuvo la postura de la empresa respecto del trabajador en cuesti\u00f3n y tambi\u00e9n se manifest\u00f3 \u201cabierto al di\u00e1logo\u201d. Aunque aclar\u00f3 que \u201cestas acciones de patoterismo no ayudan en nada a la negociaci\u00f3n. No tenemos problemas en seguir hablando, pero no as\u00ed, bajo presi\u00f3n\u201d.<br \/>\n  La cuesti\u00f3n es que ninguna de las partes se acerc\u00f3 a dialogar, a\u00fan luego de levantada la protesta. Vallejos ingres\u00f3 a trabajar este mi\u00e9rcoles a las 14:00 y no habr\u00eda tenido ning\u00fan problema. Se espera que, finalmente, el gremio y la empresa vuelvan a encontrarse en los pr\u00f3ximos d\u00edas, tal como manifestaron su voluntad de hacerlo.<\/p>\n<p>Fuente: Arrecifes Noticias<\/p>\n","protected":false},"excerpt":{"rendered":"<p>El Sindicato de Obreros y Empleados de Estaciones de Servicio interrumpi\u00f3 ayer uno de los ingresos a la estaci\u00f3n Oil de Arrecifes, ubicada en ruta 51 y Av. Intendente Blanco. Lo hizo por aproximadamente dos horas y haciendo sonar bombos, en reclamo por la situaci\u00f3n de uno de los trabajadores de esa empresa, a quien [&hellip;]<\/p>\n","protected":false},"author":4,"featured_media":40692,"comment_status":"open","ping_status":"closed","sticky":false,"template":"","format":"standard","meta":{"om_disable_all_campaigns":false,"_jetpack_memberships_contains_paid_content":false,"footnotes":""},"categories":[621],"tags":[],"class_list":["post-40690","post","type-post","status-publish","format-standard","has-post-thumbnail","hentry","category-regionales"],"aioseo_notices":[],"gutentor_comment":0,"jetpack_featured_media_url":"https:\/\/eldiariodesanpedro.com.ar\/sitio\/wp-content\/uploads\/2018\/09\/La-protesta.jpg","jetpack_shortlink":"https:\/\/wp.me\/p6RhLt-aAi","jetpack_sharing_enabled":true,"_links":{"self":[{"href":"https:\/\/eldiariodesanpedro.com.ar\/sitio\/wp-json\/wp\/v2\/posts\/40690","targetHints":{"allow":["GET"]}}],"collection":[{"href":"https:\/\/eldiariodesanpedro.com.ar\/sitio\/wp-json\/wp\/v2\/posts"}],"about":[{"href":"https:\/\/eldiariodesanpedro.com.ar\/sitio\/wp-json\/wp\/v2\/types\/post"}],"author":[{"embeddable":true,"href":"https:\/\/eldiariodesanpedro.com.ar\/sitio\/wp-json\/wp\/v2\/users\/4"}],"replies":[{"embeddable":true,"href":"https:\/\/eldiariodesanpedro.com.ar\/sitio\/wp-json\/wp\/v2\/comments?post=40690"}],"version-history":[{"count":1,"href":"https:\/\/eldiariodesanpedro.com.ar\/sitio\/wp-json\/wp\/v2\/posts\/40690\/revisions"}],"predecessor-version":[{"id":40693,"href":"https:\/\/eldiariodesanpedro.com.ar\/sitio\/wp-json\/wp\/v2\/posts\/40690\/revisions\/40693"}],"wp:featuredmedia":[{"embeddable":true,"href":"https:\/\/eldiariodesanpedro.com.ar\/sitio\/wp-json\/wp\/v2\/media\/40692"}],"wp:attachment":[{"href":"https:\/\/eldiariodesanpedro.com.ar\/sitio\/wp-json\/wp\/v2\/media?parent=40690"}],"wp:term":[{"taxonomy":"category","embeddable":true,"href":"https:\/\/eldiariodesanpedro.com.ar\/sitio\/wp-json\/wp\/v2\/categories?post=40690"},{"taxonomy":"post_tag","embeddable":true,"href":"https:\/\/eldiariodesanpedro.com.ar\/sitio\/wp-json\/wp\/v2\/tags?post=40690"}],"curies":[{"name":"wp","href":"https:\/\/api.w.org\/{rel}","templated":true}]}}