{"id":40688,"date":"2018-09-21T20:54:29","date_gmt":"2018-09-21T23:54:29","guid":{"rendered":"https:\/\/eldiariodesanpedro.com.ar\/sitio\/?p=40688"},"modified":"2018-09-21T20:54:29","modified_gmt":"2018-09-21T23:54:29","slug":"zarate-obra-de-unificacion-del-tendido-de-alta-tension-para-el-barrio-6-de-agosto-2","status":"publish","type":"post","link":"https:\/\/eldiariodesanpedro.com.ar\/sitio\/zarate-obra-de-unificacion-del-tendido-de-alta-tension-para-el-barrio-6-de-agosto-2\/","title":{"rendered":"Z\u00c1RATE:  Obra de unificaci\u00f3n del tendido de alta tensi\u00f3n para el barrio 6 de agosto 2"},"content":{"rendered":"<p><!-- VideographyWP Plugin Message: Automatic video embedding prevented by plugin options. --><\/p>\n<p>El lunes por la tarde en el Centro Integrador Comunitario (CIC) el Intendente Osvaldo C\u00e1ffaro junto a su equipo de gobierno se reuni\u00f3 con los vecinos del barrio 6 de Agosto 2 para confirmarles que el Municipio realizar\u00e1 la obra de unificaci\u00f3n del tendido de alta tensi\u00f3n con fondos propios.<\/p>\n<p>  Adem\u00e1s, aprovech\u00f3 el encuentro para felicitarlos por haber conformado una Asociaci\u00f3n Civil que trabajar\u00e1 junto al Municipio en \u00e9ste y otros proyectos.<br \/>\nDesde hace 10 d\u00edas la entidad barrial ya cuenta con el reconocimiento municipal para que pueda participar de forma activa en los diferentes programas municipales.<br \/>\n  \u201cEsta organizaci\u00f3n barrial le dar\u00e1 voz a quienes hasta ahora no la tuvieron. Para nosotros es muy importante que est\u00e9n organizados porque as\u00ed es mucho m\u00e1s f\u00e1cil resolver los problemas colectivos\u201d, afirm\u00f3 el jefe comunal.<br \/>\n  El Intendente C\u00e1ffaro, que estuvo acompa\u00f1ado por el Secretario de Gobierno Pablo Gim\u00e9nez, el Subsecretario de H\u00e1bitat Jorge Longo, la Jefa de Gabinete Florencia Diez, el asesor letrado Horacio Henricot y concejales de Nuevo Z\u00e1rate, se\u00f1al\u00f3 en primer lugar que se encuentran acopiados materiales para la realizaci\u00f3n de la obra cuyo valor hist\u00f3rico al a\u00f1o 2014 es de 18 millones de pesos y destac\u00f3 que \u201cque son para esa obra porque no hay otra obra igual\u201d.<br \/>\n  Luego agreg\u00f3 que el gobierno municipal decidi\u00f3 llevar a cabo la obra con fondos propios. \u201cSer\u00e1 una gran inversi\u00f3n, el compromiso es con ustedes\u201d, y a\u00f1adi\u00f3 que en el barrio se construir\u00e1 cord\u00f3n cuneta.<br \/>\n  Y en tercer lugar explic\u00f3 que el Honorable Concejo Deliberante vot\u00f3 a favor una Ordenanza que aprueba la realizaci\u00f3n de la obra con fondos municipales. \u201cEl compromiso es empezar la obra y terminarla en 18 meses\u201d, manifest\u00f3 a los vecinos, y agreg\u00f3: \u201cAsumimos este compromiso ante el Concejo Deliberante, ante la Justicia y principalmente ante ustedes que merecen vivir mejor\u201d.<br \/>\n  \u201cNo podemos parar, tenemos que darle para adelante, ustedes con la fuerza que han tenido todos estos a\u00f1os, la entereza, la solidaridad y por sobre todas las cosas la humildad y la dignidad de tener y cuidar algo propio voy a seguir acompa\u00f1ando este proceso\u201d, finaliz\u00f3 el Intendente.<br \/>\n  Los vecinos se mostraron satisfechos tras escuchar al Intendente y haber podido preguntarle sobre todas las dudas que ten\u00edan. Por ejemplo, V\u00edctor, despu\u00e9s de la reuni\u00f3n sostuvo que \u201cel Intendente brind\u00f3 respuestas que fueron satisfactorias\u201d. Mientras que Ver\u00f3nica indic\u00f3 que el deseo de ellos es \u201csalir a la calle y no ver m\u00e1s los cables\u201d. Y Gustavo asegur\u00f3 estar m\u00e1s tranquilo ya que ahora el Municipio los reconoci\u00f3 como barrio y los ayud\u00f3 a crear la Asociaci\u00f3n Vecinal.<\/p>\n<p>Fuente: Enlace Cr\u00edtico<\/p>\n","protected":false},"excerpt":{"rendered":"<p>El lunes por la tarde en el Centro Integrador Comunitario (CIC) el Intendente Osvaldo C\u00e1ffaro junto a su equipo de gobierno se reuni\u00f3 con los vecinos del barrio 6 de Agosto 2 para confirmarles que el Municipio realizar\u00e1 la obra de unificaci\u00f3n del tendido de alta tensi\u00f3n con fondos propios. Adem\u00e1s, aprovech\u00f3 el encuentro para [&hellip;]<\/p>\n","protected":false},"author":4,"featured_media":40691,"comment_status":"open","ping_status":"closed","sticky":false,"template":"","format":"standard","meta":{"om_disable_all_campaigns":false,"_jetpack_memberships_contains_paid_content":false,"footnotes":""},"categories":[621],"tags":[],"class_list":["post-40688","post","type-post","status-publish","format-standard","has-post-thumbnail","hentry","category-regionales"],"aioseo_notices":[],"gutentor_comment":0,"jetpack_featured_media_url":"https:\/\/eldiariodesanpedro.com.ar\/sitio\/wp-content\/uploads\/2018\/09\/Obra-de-unificaci\u00f3n-del-tendido-de-alta-tensi\u00f3n-para-el-barrio-6-de-agosto-2.jpg","jetpack_shortlink":"https:\/\/wp.me\/p6RhLt-aAg","jetpack_sharing_enabled":true,"_links":{"self":[{"href":"https:\/\/eldiariodesanpedro.com.ar\/sitio\/wp-json\/wp\/v2\/posts\/40688","targetHints":{"allow":["GET"]}}],"collection":[{"href":"https:\/\/eldiariodesanpedro.com.ar\/sitio\/wp-json\/wp\/v2\/posts"}],"about":[{"href":"https:\/\/eldiariodesanpedro.com.ar\/sitio\/wp-json\/wp\/v2\/types\/post"}],"author":[{"embeddable":true,"href":"https:\/\/eldiariodesanpedro.com.ar\/sitio\/wp-json\/wp\/v2\/users\/4"}],"replies":[{"embeddable":true,"href":"https:\/\/eldiariodesanpedro.com.ar\/sitio\/wp-json\/wp\/v2\/comments?post=40688"}],"version-history":[{"count":1,"href":"https:\/\/eldiariodesanpedro.com.ar\/sitio\/wp-json\/wp\/v2\/posts\/40688\/revisions"}],"predecessor-version":[{"id":40694,"href":"https:\/\/eldiariodesanpedro.com.ar\/sitio\/wp-json\/wp\/v2\/posts\/40688\/revisions\/40694"}],"wp:featuredmedia":[{"embeddable":true,"href":"https:\/\/eldiariodesanpedro.com.ar\/sitio\/wp-json\/wp\/v2\/media\/40691"}],"wp:attachment":[{"href":"https:\/\/eldiariodesanpedro.com.ar\/sitio\/wp-json\/wp\/v2\/media?parent=40688"}],"wp:term":[{"taxonomy":"category","embeddable":true,"href":"https:\/\/eldiariodesanpedro.com.ar\/sitio\/wp-json\/wp\/v2\/categories?post=40688"},{"taxonomy":"post_tag","embeddable":true,"href":"https:\/\/eldiariodesanpedro.com.ar\/sitio\/wp-json\/wp\/v2\/tags?post=40688"}],"curies":[{"name":"wp","href":"https:\/\/api.w.org\/{rel}","templated":true}]}}