{"id":40684,"date":"2018-09-21T20:49:30","date_gmt":"2018-09-21T23:49:30","guid":{"rendered":"https:\/\/eldiariodesanpedro.com.ar\/sitio\/?p=40684"},"modified":"2018-09-21T20:49:30","modified_gmt":"2018-09-21T23:49:30","slug":"ramallo-en-noviembre-se-realizara-el-juicio-por-el-femicidio-de-silvia-garcia","status":"publish","type":"post","link":"https:\/\/eldiariodesanpedro.com.ar\/sitio\/ramallo-en-noviembre-se-realizara-el-juicio-por-el-femicidio-de-silvia-garcia\/","title":{"rendered":"RAMALLO: En noviembre se realizar\u00e1 el juicio por el femicidio de Silvia Garc\u00eda"},"content":{"rendered":"<p><!-- VideographyWP Plugin Message: Automatic video embedding prevented by plugin options. --><br \/>\nLos d\u00edas 12 y 13 de noviembre se producir\u00e1n los debates del juicio p\u00fablico y por jurado que se llevar\u00e1 contra Mariel Zamora y Ram\u00f3n Ovejero, el matrimonio detenido y acusado de asesinar a Silvia Garc\u00eda.<\/p>\n<p>    A pocos meses de que se cumplan tres a\u00f1os del brutal asesinato de Silvia Garc\u00eda, la justicia determin\u00f3 una fecha para el inicio del juicio.<br \/>\n  El hecho se produjo en noviembre de 2015 en la Verduler\u00eda Mar-Yes ubicada en la esquina de Sarmiento y Avda.- San Mart\u00edn de la ciudad de Ramallo.<br \/>\n  Silvia Garc\u00eda, de 40 a\u00f1os, trabajaba en ese lugar. All\u00ed fue degollada y escondida en la c\u00e1mara frigor\u00edfica que se ubicaba al fondo del local.<br \/>\n  Tras una intensa b\u00fasqueda, de la que particip\u00f3 el propio matrimonio Zamora- Ovejero, Garc\u00eda fue encontrada por la polic\u00eda cuando realizaban un peritaje del lugar donde Garc\u00eda hab\u00eda sido vista por \u00faltima vez.<br \/>\n  Tras casi tres a\u00f1os de espera en una causa que el Fiscal Dr. Dar\u00edo Giagnorio caratul\u00f3 como femicidio, llegar\u00e1 el inicio del juicio.<\/p>\n<p>Fuente: La Radio Ramallo<\/p>\n","protected":false},"excerpt":{"rendered":"<p>Los d\u00edas 12 y 13 de noviembre se producir\u00e1n los debates del juicio p\u00fablico y por jurado que se llevar\u00e1 contra Mariel Zamora y Ram\u00f3n Ovejero, el matrimonio detenido y acusado de asesinar a Silvia Garc\u00eda. A pocos meses de que se cumplan tres a\u00f1os del brutal asesinato de Silvia Garc\u00eda, la justicia determin\u00f3 una [&hellip;]<\/p>\n","protected":false},"author":4,"featured_media":40687,"comment_status":"open","ping_status":"closed","sticky":false,"template":"","format":"standard","meta":{"om_disable_all_campaigns":false,"_jetpack_memberships_contains_paid_content":false,"footnotes":""},"categories":[621],"tags":[],"class_list":["post-40684","post","type-post","status-publish","format-standard","has-post-thumbnail","hentry","category-regionales"],"aioseo_notices":[],"gutentor_comment":0,"jetpack_featured_media_url":"https:\/\/eldiariodesanpedro.com.ar\/sitio\/wp-content\/uploads\/2018\/09\/En-noviembre-se-realizar\u00e1-el-juicio-por-el-femicidio-de-Silvia-Garc\u00eda.jpg","jetpack_shortlink":"https:\/\/wp.me\/p6RhLt-aAc","jetpack_sharing_enabled":true,"_links":{"self":[{"href":"https:\/\/eldiariodesanpedro.com.ar\/sitio\/wp-json\/wp\/v2\/posts\/40684","targetHints":{"allow":["GET"]}}],"collection":[{"href":"https:\/\/eldiariodesanpedro.com.ar\/sitio\/wp-json\/wp\/v2\/posts"}],"about":[{"href":"https:\/\/eldiariodesanpedro.com.ar\/sitio\/wp-json\/wp\/v2\/types\/post"}],"author":[{"embeddable":true,"href":"https:\/\/eldiariodesanpedro.com.ar\/sitio\/wp-json\/wp\/v2\/users\/4"}],"replies":[{"embeddable":true,"href":"https:\/\/eldiariodesanpedro.com.ar\/sitio\/wp-json\/wp\/v2\/comments?post=40684"}],"version-history":[{"count":1,"href":"https:\/\/eldiariodesanpedro.com.ar\/sitio\/wp-json\/wp\/v2\/posts\/40684\/revisions"}],"predecessor-version":[{"id":40689,"href":"https:\/\/eldiariodesanpedro.com.ar\/sitio\/wp-json\/wp\/v2\/posts\/40684\/revisions\/40689"}],"wp:featuredmedia":[{"embeddable":true,"href":"https:\/\/eldiariodesanpedro.com.ar\/sitio\/wp-json\/wp\/v2\/media\/40687"}],"wp:attachment":[{"href":"https:\/\/eldiariodesanpedro.com.ar\/sitio\/wp-json\/wp\/v2\/media?parent=40684"}],"wp:term":[{"taxonomy":"category","embeddable":true,"href":"https:\/\/eldiariodesanpedro.com.ar\/sitio\/wp-json\/wp\/v2\/categories?post=40684"},{"taxonomy":"post_tag","embeddable":true,"href":"https:\/\/eldiariodesanpedro.com.ar\/sitio\/wp-json\/wp\/v2\/tags?post=40684"}],"curies":[{"name":"wp","href":"https:\/\/api.w.org\/{rel}","templated":true}]}}