{"id":40672,"date":"2018-09-21T20:35:57","date_gmt":"2018-09-21T23:35:57","guid":{"rendered":"https:\/\/eldiariodesanpedro.com.ar\/sitio\/?p=40672"},"modified":"2026-01-24T00:10:51","modified_gmt":"2026-01-24T03:10:51","slug":"automovilismo-en-san-nicolas-ya-estan-a-la-venta-las-entradas","status":"publish","type":"post","link":"https:\/\/eldiariodesanpedro.com.ar\/sitio\/automovilismo-en-san-nicolas-ya-estan-a-la-venta-las-entradas\/","title":{"rendered":"AUTOMOVILISMO EN SAN NICOL\u00c1S: Ya est\u00e1n a la venta las entradas"},"content":{"rendered":"<p><!-- VideographyWP Plugin Message: Automatic video embedding prevented by plugin options. --><br \/>\n  Desde este martes 18\/09, se podr\u00e1n adquirir las entradas para ser parte de un evento hist\u00f3rico para la ciudad: la inauguraci\u00f3n del Aut\u00f3dromo San Nicol\u00e1s Ciudad, que se realizar\u00e1 el fin de semana del 6 y 7 de octubre con la carrera del S\u00faper TC 2000. Las generales cuestan $300 y habr\u00e1 venta por Ticketek.<\/p>\n<p>  A partir de octubre, San Nicol\u00e1s comenzar\u00e1 a ser un escenario clave en el automovilismo nacional, con la incorporaci\u00f3n del aut\u00f3dromo local al calendario de las principales competencias de este deporte. La inauguraci\u00f3n ser\u00e1 el 6 y 7 de octubre, con el Super TC 2000, la categor\u00eda m\u00e1s tecnol\u00f3gica de la actualidad.<\/p>\n<p>  Por ello, desde este martes se podr\u00e1n conseguir las entradas anticipadas a precio de lanzamiento, que van desde los $300 pesos para el sector de las Generales; $550 Boxes sin tribuna; y $800 en tribuna con acceso a Boxes. Adem\u00e1s, los menores de 10 a\u00f1os podr\u00e1n asistir a las Generales abonando s\u00f3lo el seguro ($60). Cada ticket es v\u00e1lido para los dos d\u00edas.<\/p>\n<p>  En San Nicol\u00e1s habr\u00e1 tres puntos de venta de anticipadas, que ser\u00e1n las estaciones de servicio YPF de Av. Moreno y Naci\u00f3n; y las Shell de Savio 2102 y Av. Moreno y Av. Viale. Adem\u00e1s, habr\u00e1 puntos de venta en Rosario (Todas las sucursales de MotorDos), Ramallo (Automotores J&#038;M \u2013 Av. Jorge Newbery 954), Villa Constituci\u00f3n (Axion \u2013 Presb\u00edtero Segundo 1940 y la YPF \u2013 San Martin y Mosconi), San Pedro (Todone autopartes \u2013 Mitre 2315), Pergamino (Yamaha Pergamino Motos \u2013 Italia 255) y Arrecifes (M. Ferrari Motos \u2013 Av. Merlassino 586)<\/p>\n<p>  Tambi\u00e9n podr\u00e1n conseguirse las entradas ingresando a la webwww.sannicolas.gov.ar\/supertc2000; o directamente en la p\u00e1gina de Ticketek.<\/p>\n","protected":false},"excerpt":{"rendered":"<p>Desde este martes 18\/09, se podr\u00e1n adquirir las entradas para ser parte de un evento hist\u00f3rico para la ciudad: la inauguraci\u00f3n del Aut\u00f3dromo San Nicol\u00e1s Ciudad, que se realizar\u00e1 el fin de semana del 6 y 7 de octubre con la carrera del S\u00faper TC 2000. Las generales cuestan $300 y habr\u00e1 venta por Ticketek. [&hellip;]<\/p>\n","protected":false},"author":4,"featured_media":40675,"comment_status":"open","ping_status":"closed","sticky":false,"template":"","format":"standard","meta":{"om_disable_all_campaigns":false,"_jetpack_memberships_contains_paid_content":false,"footnotes":""},"categories":[5],"tags":[],"class_list":["post-40672","post","type-post","status-publish","format-standard","has-post-thumbnail","hentry","category-deportes"],"aioseo_notices":[],"gutentor_comment":0,"jetpack_featured_media_url":"https:\/\/eldiariodesanpedro.com.ar\/sitio\/wp-content\/uploads\/2018\/09\/autodromo-nicole\u00f1o.jpg","jetpack_shortlink":"https:\/\/wp.me\/p6RhLt-aA0","jetpack_sharing_enabled":true,"_links":{"self":[{"href":"https:\/\/eldiariodesanpedro.com.ar\/sitio\/wp-json\/wp\/v2\/posts\/40672","targetHints":{"allow":["GET"]}}],"collection":[{"href":"https:\/\/eldiariodesanpedro.com.ar\/sitio\/wp-json\/wp\/v2\/posts"}],"about":[{"href":"https:\/\/eldiariodesanpedro.com.ar\/sitio\/wp-json\/wp\/v2\/types\/post"}],"author":[{"embeddable":true,"href":"https:\/\/eldiariodesanpedro.com.ar\/sitio\/wp-json\/wp\/v2\/users\/4"}],"replies":[{"embeddable":true,"href":"https:\/\/eldiariodesanpedro.com.ar\/sitio\/wp-json\/wp\/v2\/comments?post=40672"}],"version-history":[{"count":1,"href":"https:\/\/eldiariodesanpedro.com.ar\/sitio\/wp-json\/wp\/v2\/posts\/40672\/revisions"}],"predecessor-version":[{"id":40676,"href":"https:\/\/eldiariodesanpedro.com.ar\/sitio\/wp-json\/wp\/v2\/posts\/40672\/revisions\/40676"}],"wp:featuredmedia":[{"embeddable":true,"href":"https:\/\/eldiariodesanpedro.com.ar\/sitio\/wp-json\/wp\/v2\/media\/40675"}],"wp:attachment":[{"href":"https:\/\/eldiariodesanpedro.com.ar\/sitio\/wp-json\/wp\/v2\/media?parent=40672"}],"wp:term":[{"taxonomy":"category","embeddable":true,"href":"https:\/\/eldiariodesanpedro.com.ar\/sitio\/wp-json\/wp\/v2\/categories?post=40672"},{"taxonomy":"post_tag","embeddable":true,"href":"https:\/\/eldiariodesanpedro.com.ar\/sitio\/wp-json\/wp\/v2\/tags?post=40672"}],"curies":[{"name":"wp","href":"https:\/\/api.w.org\/{rel}","templated":true}]}}