{"id":40671,"date":"2018-09-21T20:34:44","date_gmt":"2018-09-21T23:34:44","guid":{"rendered":"https:\/\/eldiariodesanpedro.com.ar\/sitio\/?p=40671"},"modified":"2026-01-24T00:10:51","modified_gmt":"2026-01-24T03:10:51","slug":"futbol-infantil-hoy-la-sexta-fecha-del-torneo-clausura","status":"publish","type":"post","link":"https:\/\/eldiariodesanpedro.com.ar\/sitio\/futbol-infantil-hoy-la-sexta-fecha-del-torneo-clausura\/","title":{"rendered":"F\u00daTBOL INFANTIL: Hoy la sexta fecha del Torneo Clausura"},"content":{"rendered":"<p><!-- VideographyWP Plugin Message: Automatic video embedding prevented by plugin options. --><br \/>\nSe jugar\u00e1 hoy la sexta fecha, primera de las revanchas con este programa de cotejos:<br \/>\nZona A: El Porvenir-Agricultores (12.30); Castro FC-Def. Unidos (13.00). Libre: Villa Igoillo.<br \/>\nZona B: Paran\u00e1-San Mart\u00edn (12.30); El Tanque-Pescadores (12.30). Libre: Los Andes.<br \/>\nZona C: Alsina-Sportivo (12.30); Costa Azul-Rivadavia (12.00); Fundici\u00f3n FC-Atl\u00e9tico (12.00).<br \/>\nZona D: Independiente-Am\u00e9rica (12.30); San Roque-C. C\u00f3rdoba (13.00) y Mitre-Independencia FC (13.00).<\/p>\n<p><strong>POSICIONES<\/strong><br \/>\n<em>2011<\/em><br \/>\nZONA \u201cA\u201d: Villa Igoillo 8, El Porvenir 4, Def. Unidos 4, Agricultores 3, Castro FC 1<br \/>\nZONA \u201cB\u201d: Paran\u00e1 7, General San Mart\u00edn 5, El Tanque 5, Pescadores 2, Los Andes 1<br \/>\nZONA \u201cC\u201d: Atl\u00e9tico 7, Fundici\u00f3n 6, Sportivo 4, Rivadavia 3, Costa Azul 0<br \/>\nZONA \u201cD\u201d: San Roque 9, Independencia 8, Mitre 6, Central C\u00f3rdoba 3, Am\u00e9rica 2, Independiente (RT) 2<\/p>\n<p><em>2010<\/em><br \/>\nZONA \u201cA\u201d: Villa Igoillo 5, Agricultores 4, El Porvenir 3, Def. Unidos 0<br \/>\nZONA \u201cB\u201d: Paran\u00e1 8, General San Mart\u00edn 5, Los Andes 3, El Tanque 3, Pescadores 1<br \/>\nZONA \u201cC\u201d: Rivadavia 8, Atl\u00e9tico 8, Fundici\u00f3n 6, Sportivo 6, Deportivo Alsina 2, Costa Azul 0<br \/>\nZONA \u201cD\u201d: Mitre 10, Independencia 8, San Roque 6, Central C\u00f3rdoba 3, Am\u00e9rica 3, Independiente (RT) 0<\/p>\n<p><em>2009<\/em><br \/>\nZONA \u201cA\u201d: Agricultores 6, El Porvenir 6, Villa Igoillo 5, Castro FC 3, Def. Unidos 0<br \/>\nZONA \u201cB\u201d: General San Mart\u00edn 6, Paran\u00e1 7, El Tanque 5, Los Andes 2, Pescadores 0<br \/>\nZONA \u201cC\u201d: Sportivo 10, Rivadavia 6, Atl\u00e9tico 5, Deportivo Alsina 5, Fundici\u00f3n 3, Costa Azul 1<br \/>\nZONA \u201cD\u201d: Mitre 10, Independencia 8, Central C\u00f3rdoba 6, San Roque 4, Am\u00e9rica 2, Independiente (RT) 0<\/p>\n<p><em>2008<\/em><br \/>\nZONA \u201cA\u201d: El Porvenir 8, Agricultores 5, Castro FC 4, Def. Unidos 2, Villa Igoillo 1<br \/>\nZONA \u201cB\u201d: General San Mart\u00edn 7, Paran\u00e1 5, El Tanque 5, Pescadores 2, Los Andes 1<br \/>\nZONA \u201cC\u201d: Rivadavia 10, Fundici\u00f3n 7, Sportivo 6, Deportivo Alsina 5, Costa Azul 2, Atl\u00e9tico 0<br \/>\nZONA \u201cD\u201d: Central C\u00f3rdoba 8, Mitre 8, Am\u00e9rica 7, Independencia 4, Independiente (RT) 2, San Roque 1<\/p>\n<p><em>2007<\/em><br \/>\nZONA \u201cA\u201d: El Porvenir 8, Agricultores 4, Castro FC 4, Villa Igoillo 3, Def. Unidos 1<br \/>\nZONA \u201cB\u201d: El Tanque 6, General San Mart\u00edn 5, Los Andes 4, Paran\u00e1 4, Pescadores 1<br \/>\nZONA \u201cC\u201d: Costa Azul 10, Sportivo 8, Atl\u00e9tico 6, Rivadavia 5, Fundici\u00f3n 3, Deportivo Alsina 0<br \/>\nZONA \u201cD\u201d: Mitre 9, Central C\u00f3rdoba 8, San Roque 7, Independiente (RT) 4, Am\u00e9rica 2, Independencia 0<\/p>\n<p><em>2006<\/em><br \/>\nZONA \u201cA\u201d: El Porvenir 8, Villa Igoillo 5, Castro FC 4, Def. Unidos 3, Agricultores 0<br \/>\nZONA \u201cB\u201d: Paran\u00e1 7, El Tanque 6, General San Mart\u00edn 5, Los Andes 2, Pescadores 0<br \/>\nZONA \u201cC\u201d: Sportivo 8, Rivadavia 8, Fundici\u00f3n 5, Atl\u00e9tico 3, Costa Azul 2, Deportivo Alsina 0<br \/>\nZONA \u201cD\u201d: Independencia 10, Mitre 8, Am\u00e9rica 6, San Roque 4, Central C\u00f3rdoba 2, Independiente (RT) 0.<\/p>\n","protected":false},"excerpt":{"rendered":"<p>Se jugar\u00e1 hoy la sexta fecha, primera de las revanchas con este programa de cotejos: Zona A: El Porvenir-Agricultores (12.30); Castro FC-Def. Unidos (13.00). Libre: Villa Igoillo. Zona B: Paran\u00e1-San Mart\u00edn (12.30); El Tanque-Pescadores (12.30). Libre: Los Andes. Zona C: Alsina-Sportivo (12.30); Costa Azul-Rivadavia (12.00); Fundici\u00f3n FC-Atl\u00e9tico (12.00). Zona D: Independiente-Am\u00e9rica (12.30); San Roque-C. C\u00f3rdoba [&hellip;]<\/p>\n","protected":false},"author":4,"featured_media":10282,"comment_status":"open","ping_status":"closed","sticky":false,"template":"","format":"standard","meta":{"om_disable_all_campaigns":false,"_jetpack_memberships_contains_paid_content":false,"footnotes":""},"categories":[5],"tags":[],"class_list":["post-40671","post","type-post","status-publish","format-standard","has-post-thumbnail","hentry","category-deportes"],"aioseo_notices":[],"gutentor_comment":0,"jetpack_featured_media_url":"https:\/\/eldiariodesanpedro.com.ar\/sitio\/wp-content\/uploads\/2016\/11\/futbol-infantil.jpg","jetpack_shortlink":"https:\/\/wp.me\/p6RhLt-azZ","jetpack_sharing_enabled":true,"_links":{"self":[{"href":"https:\/\/eldiariodesanpedro.com.ar\/sitio\/wp-json\/wp\/v2\/posts\/40671","targetHints":{"allow":["GET"]}}],"collection":[{"href":"https:\/\/eldiariodesanpedro.com.ar\/sitio\/wp-json\/wp\/v2\/posts"}],"about":[{"href":"https:\/\/eldiariodesanpedro.com.ar\/sitio\/wp-json\/wp\/v2\/types\/post"}],"author":[{"embeddable":true,"href":"https:\/\/eldiariodesanpedro.com.ar\/sitio\/wp-json\/wp\/v2\/users\/4"}],"replies":[{"embeddable":true,"href":"https:\/\/eldiariodesanpedro.com.ar\/sitio\/wp-json\/wp\/v2\/comments?post=40671"}],"version-history":[{"count":2,"href":"https:\/\/eldiariodesanpedro.com.ar\/sitio\/wp-json\/wp\/v2\/posts\/40671\/revisions"}],"predecessor-version":[{"id":40677,"href":"https:\/\/eldiariodesanpedro.com.ar\/sitio\/wp-json\/wp\/v2\/posts\/40671\/revisions\/40677"}],"wp:featuredmedia":[{"embeddable":true,"href":"https:\/\/eldiariodesanpedro.com.ar\/sitio\/wp-json\/wp\/v2\/media\/10282"}],"wp:attachment":[{"href":"https:\/\/eldiariodesanpedro.com.ar\/sitio\/wp-json\/wp\/v2\/media?parent=40671"}],"wp:term":[{"taxonomy":"category","embeddable":true,"href":"https:\/\/eldiariodesanpedro.com.ar\/sitio\/wp-json\/wp\/v2\/categories?post=40671"},{"taxonomy":"post_tag","embeddable":true,"href":"https:\/\/eldiariodesanpedro.com.ar\/sitio\/wp-json\/wp\/v2\/tags?post=40671"}],"curies":[{"name":"wp","href":"https:\/\/api.w.org\/{rel}","templated":true}]}}