{"id":40670,"date":"2018-09-21T20:34:42","date_gmt":"2018-09-21T23:34:42","guid":{"rendered":"https:\/\/eldiariodesanpedro.com.ar\/sitio\/?p=40670"},"modified":"2026-01-24T00:10:51","modified_gmt":"2026-01-24T03:10:51","slug":"futbol-local-la-sexta-fecha-se-disputa-entre-manana-y-pasado-interesantes-cotejos-que-comienzan-a-definir-las-zonas","status":"publish","type":"post","link":"https:\/\/eldiariodesanpedro.com.ar\/sitio\/futbol-local-la-sexta-fecha-se-disputa-entre-manana-y-pasado-interesantes-cotejos-que-comienzan-a-definir-las-zonas\/","title":{"rendered":"F\u00daTBOL LOCAL: La sexta fecha se disputa entre ma\u00f1ana y pasado. Interesantes cotejos que comienzan a definir las zonas"},"content":{"rendered":"<p><!-- VideographyWP Plugin Message: Automatic video embedding prevented by plugin options. --><br \/>\n  La continuidad del Torneo Clausura de la Liga Deportiva Sampedrina, a jugarse la sexta fecha del torneo Clausura, se divide entre s\u00e1bado y domingo, en este d\u00eda se unificaron los horarios por el cl\u00e1sico Boca-River.<br \/>\n  Estos son los partidos:<\/p>\n<p><strong>Torneo Clausura \u201cBeto Manresa-Rubito L\u00f3pez\u201d<\/strong><\/p>\n<p><strong>Sexta fecha<\/strong><br \/>\n<em>S\u00e1bado 22\/09<\/em><br \/>\nParan\u00e1 FC \u2013 La Esperanza<br \/>\n10.30 (5\u00b0), 11.45 (4\u00b0), 13.00 (3\u00b0), 14.30 (Sub 21) y 16.15 (1\u00b0)<br \/>\nMitre \u2013 Def. Unidos (En Estadio Municipal)<br \/>\n11.00 (5\u00b0), 12.15 (4\u00b0), 13.30 (3\u00b0), 15.00 (Sub 21) y 16.45 (1\u00b0)<\/p>\n<p><em>Domingo 23\/09<\/em><br \/>\n10.00 (5\u00b0), 11.15 (4\u00b0), 12.30 (3\u00b0), 14.00 (Sub 21) y 15.45 (1\u00b0)<br \/>\nBanfield \u2013 Fundici\u00f3n FC<br \/>\nAgricultores Club- Ireneo Portela<br \/>\nCentral C\u00f3rdoba \u2013 Sportivo<br \/>\nParan\u00e1 FC \u2013 La Esperanza<br \/>\nSan Roque FC \u2013 Rivadavia (En CADU)<br \/>\nLas Palmeras \u2013 Dep. Alsina<br \/>\nGral. San Mart\u00edn \u2013 Atl\u00e9tico<br \/>\nAm\u00e9rica \u2013 Independencia FC (En La Esperanza)<\/p>\n<p><strong>Posiciones<\/strong><br \/>\n<em>Quinta<\/em><br \/>\nZona A: La Esperanza 13, Paran\u00e1 12, Sportivo 12, Banfield 10, C. C\u00f3rdoba 4, Fundici\u00f3n 4, Am\u00e9rica 4, Agricultores 3, I. Portela 3.<br \/>\nZona B: Independencia 13, Rivadavia 13, Mitre 12, G. San Mart\u00edn 10, Atl\u00e9tico 10, San Roque 7,  Def. Unidos 3, Alsina 0, Las Palmeras 0.<\/p>\n<p><em>Cuarta<\/em><br \/>\nZona A: Sportivo 15, Paran\u00e1 12, La Esperanza 12, C. C\u00f3rdoba 9, Fundici\u00f3n 7, I. Portela 6, Agricultores 6, Am\u00e9rica 4, Banfield 0.<br \/>\nZona B: Atl\u00e9tico 13, Mitre 12, Def. Unidos 10, Rivadavia 7, G. San Mart\u00edn 4, Las Palmeras 3, Independencia 3, San Roque 1, Alsina 0.<\/p>\n<p><em>Tercera<\/em><br \/>\nZona A: Sportivo 12, Agricultores 10, Am\u00e9rica 8, Paran\u00e1 7, La Esperanza 7, Fundici\u00f3n 6, I. Portela 4, C. C\u00f3rdoba 3, Banfield 0.<br \/>\nZona B: G. San Mart\u00edn 13, Independencia 12, Mitre 8, Rivadavia 7, Atl\u00e9tico 7, Las Palmeras 7, San Roque 6, Def. Unidos 4, Alsina 4.<\/p>\n<p><em>Sub 21<\/em><br \/>\nZona A: Portela 15, La Esperanza 10, Sportivo 10, Agricultores 10, Banfield 8, Paran\u00e1 7, Fundici\u00f3n 3, Am\u00e9rica 3, C. C\u00f3rdoba 1.<br \/>\nZona B: Mitre 12, San Roque 10, Independencia 9, Atl\u00e9tico 7, San Mart\u00edn 6, Def. Unidos 6, Alsina 4, Rivadavia 3, Las Palmeras 1.<br \/>\n<strong><br \/>\nTribunal de disciplina<\/strong><br \/>\n  El H. Tribunal de Penas de la Liga Deportiva Sampedrina dio a conocer los sancionados luego de jugarse la fecha 5 del Torneo Clausura.<br \/>\n  Un partido de sanci\u00f3n: Joaqu\u00edn Hunziquer, Rodrigo Burgue\u00f1o, Franco Savoy, Benjam\u00edn Leiva, Andr\u00e9s Quijada, Gabriel Romero, Axel Verd\u00fan, Lautaro Mart\u00ednez, Mat\u00edas Garay, Rub\u00e9n Villegas, Lucas Fleitas, Leonel Camacho, Gustavo D\u00edaz, Facundo Arrieta, Franco Nazo, Alejandro Peyrouzzelle, Rodrigo Llull, Sacha Ochoa, Juan Olivieri, Ra\u00fal Colombo, Emanuel Centuri\u00f3n.<br \/>\n  Con dos partidos de sanci\u00f3n: Dar\u00edo Cano, Isa\u00edas Cejas, Jos\u00e9 Bentancour, Javier Cabrera.<br \/>\n  Con tres partidos: Carlos Sol\u00eds y Leonardo Giles.<\/p>\n","protected":false},"excerpt":{"rendered":"<p>La continuidad del Torneo Clausura de la Liga Deportiva Sampedrina, a jugarse la sexta fecha del torneo Clausura, se divide entre s\u00e1bado y domingo, en este d\u00eda se unificaron los horarios por el cl\u00e1sico Boca-River. Estos son los partidos: Torneo Clausura \u201cBeto Manresa-Rubito L\u00f3pez\u201d Sexta fecha S\u00e1bado 22\/09 Paran\u00e1 FC \u2013 La Esperanza 10.30 (5\u00b0), [&hellip;]<\/p>\n","protected":false},"author":4,"featured_media":35528,"comment_status":"open","ping_status":"closed","sticky":false,"template":"","format":"standard","meta":{"om_disable_all_campaigns":false,"_jetpack_memberships_contains_paid_content":false,"footnotes":""},"categories":[5],"tags":[],"class_list":["post-40670","post","type-post","status-publish","format-standard","has-post-thumbnail","hentry","category-deportes"],"aioseo_notices":[],"gutentor_comment":0,"jetpack_featured_media_url":"https:\/\/eldiariodesanpedro.com.ar\/sitio\/wp-content\/uploads\/2018\/06\/futbol-5.jpg","jetpack_shortlink":"https:\/\/wp.me\/p6RhLt-azY","jetpack_sharing_enabled":true,"_links":{"self":[{"href":"https:\/\/eldiariodesanpedro.com.ar\/sitio\/wp-json\/wp\/v2\/posts\/40670","targetHints":{"allow":["GET"]}}],"collection":[{"href":"https:\/\/eldiariodesanpedro.com.ar\/sitio\/wp-json\/wp\/v2\/posts"}],"about":[{"href":"https:\/\/eldiariodesanpedro.com.ar\/sitio\/wp-json\/wp\/v2\/types\/post"}],"author":[{"embeddable":true,"href":"https:\/\/eldiariodesanpedro.com.ar\/sitio\/wp-json\/wp\/v2\/users\/4"}],"replies":[{"embeddable":true,"href":"https:\/\/eldiariodesanpedro.com.ar\/sitio\/wp-json\/wp\/v2\/comments?post=40670"}],"version-history":[{"count":1,"href":"https:\/\/eldiariodesanpedro.com.ar\/sitio\/wp-json\/wp\/v2\/posts\/40670\/revisions"}],"predecessor-version":[{"id":40674,"href":"https:\/\/eldiariodesanpedro.com.ar\/sitio\/wp-json\/wp\/v2\/posts\/40670\/revisions\/40674"}],"wp:featuredmedia":[{"embeddable":true,"href":"https:\/\/eldiariodesanpedro.com.ar\/sitio\/wp-json\/wp\/v2\/media\/35528"}],"wp:attachment":[{"href":"https:\/\/eldiariodesanpedro.com.ar\/sitio\/wp-json\/wp\/v2\/media?parent=40670"}],"wp:term":[{"taxonomy":"category","embeddable":true,"href":"https:\/\/eldiariodesanpedro.com.ar\/sitio\/wp-json\/wp\/v2\/categories?post=40670"},{"taxonomy":"post_tag","embeddable":true,"href":"https:\/\/eldiariodesanpedro.com.ar\/sitio\/wp-json\/wp\/v2\/tags?post=40670"}],"curies":[{"name":"wp","href":"https:\/\/api.w.org\/{rel}","templated":true}]}}