{"id":40662,"date":"2018-09-21T19:12:12","date_gmt":"2018-09-21T22:12:12","guid":{"rendered":"https:\/\/eldiariodesanpedro.com.ar\/sitio\/?p=40662"},"modified":"2018-09-21T19:12:12","modified_gmt":"2018-09-21T22:12:12","slug":"agustin-rossi-visito-san-pedro-la-cara-mas-cruel-del-ser-humano-es-el-despido-y-el-hambre","status":"publish","type":"post","link":"https:\/\/eldiariodesanpedro.com.ar\/sitio\/agustin-rossi-visito-san-pedro-la-cara-mas-cruel-del-ser-humano-es-el-despido-y-el-hambre\/","title":{"rendered":"Agust\u00edn Rossi visit\u00f3 San Pedro: \u00abLa cara mas cruel del ser humano es el despido y el hambre\u00bb."},"content":{"rendered":"<p><!-- VideographyWP Plugin Message: Automatic video embedding prevented by plugin options. --><br \/>\nEste viernes al mediod\u00eda el Diputado Nacional y ex Ministro de Defensa de la anterior gesti\u00f3n de gobierno, realiz\u00f3 una recorrida por San Pedro, Ramallo, Arrecifes y San Antonio de Areco.<\/p>\n<p>Aqu\u00ed en nuestra ciudad brindo una conferencia de prensa a los medios de comunicaci\u00f3n en el Bar Butti acompa\u00f1ado con dirigentes de Unidad Ciudadana luego de haber recorrido las instalaciones de la planta de COPLAC que al referirse a los despidos expreso \u201cEs una situaci\u00f3n que lamentablemente se repite\u201d y \u201ceste parate econ\u00f3mico que est\u00e1 teniendo la Argentina es muy alta\u201d por ultimo agrego \u00abLa cara mas cruel del ser humano es el despido y el hambre\u00bb.<\/p>\n<p>A nivel Nacional se refiri\u00f3 \u00ablos cuatro a\u00f1os de Macri son cuatro a\u00f1os perdidos, perdimos actividad econ\u00f3mica a diferencia de la d\u00e9cada del 80 o 90; esta claro que los 500 mil millones de pesos a valores del a\u00f1o que viene de ajuste, la recesi\u00f3n econ\u00f3mica va a ser brutal, lo estamos empezando a sentir, tenemos la desocupaci\u00f3n mas alta de los \u00faltimos 12 a\u00f1os y todav\u00eda no reflejan lo que viene del a\u00f1o, esto es lo que va a llevar al cierre de empresas y en los sectores mas vulnerables el hambre\u00bb.<\/p>\n<p>En cuanto a su posible candidatura a Presidente o de la ex mandataria Cristina Fern\u00e1ndez de Kirchner, dijo: \u201cYo he tomado la decisi\u00f3n de construir para que nuestro espacio pol\u00edtico tenga una alternativa en el caso de que Cristina no quiera ser candidata\u201d. \u201cQuiero ser candidato, quiero ser Presidente\u201d, sentenci\u00f3.<\/p>\n<p><img decoding=\"async\" data-attachment-id=\"40665\" data-permalink=\"https:\/\/eldiariodesanpedro.com.ar\/sitio\/agustin-rossi-visito-san-pedro-la-cara-mas-cruel-del-ser-humano-es-el-despido-y-el-hambre\/42233066_330875850803725_5987571322752860160_n\/\" data-orig-file=\"https:\/\/eldiariodesanpedro.com.ar\/sitio\/wp-content\/uploads\/2018\/09\/42233066_330875850803725_5987571322752860160_n.jpg\" data-orig-size=\"4032,1960\" data-comments-opened=\"1\" data-image-meta=\"{&quot;aperture&quot;:&quot;0&quot;,&quot;credit&quot;:&quot;&quot;,&quot;camera&quot;:&quot;&quot;,&quot;caption&quot;:&quot;&quot;,&quot;created_timestamp&quot;:&quot;0&quot;,&quot;copyright&quot;:&quot;&quot;,&quot;focal_length&quot;:&quot;0&quot;,&quot;iso&quot;:&quot;0&quot;,&quot;shutter_speed&quot;:&quot;0&quot;,&quot;title&quot;:&quot;&quot;,&quot;orientation&quot;:&quot;0&quot;}\" data-image-title=\"42233066_330875850803725_5987571322752860160_n\" data-image-description=\"\" data-image-caption=\"\" data-large-file=\"https:\/\/eldiariodesanpedro.com.ar\/sitio\/wp-content\/uploads\/2018\/09\/42233066_330875850803725_5987571322752860160_n-1024x498.jpg\" class=\"alignnone size-large wp-image-40665 lazyload\" data-src=\"https:\/\/eldiariodesanpedro.com.ar\/sitio\/wp-content\/uploads\/2018\/09\/42233066_330875850803725_5987571322752860160_n-1024x498.jpg\" alt=\"\" width=\"660\" height=\"321\" data-srcset=\"https:\/\/eldiariodesanpedro.com.ar\/sitio\/wp-content\/uploads\/2018\/09\/42233066_330875850803725_5987571322752860160_n-1024x498.jpg 1024w, https:\/\/eldiariodesanpedro.com.ar\/sitio\/wp-content\/uploads\/2018\/09\/42233066_330875850803725_5987571322752860160_n-300x146.jpg 300w, https:\/\/eldiariodesanpedro.com.ar\/sitio\/wp-content\/uploads\/2018\/09\/42233066_330875850803725_5987571322752860160_n-768x373.jpg 768w\" data-sizes=\"(max-width: 660px) 100vw, 660px\" src=\"data:image\/svg+xml;base64,PHN2ZyB3aWR0aD0iMSIgaGVpZ2h0PSIxIiB4bWxucz0iaHR0cDovL3d3dy53My5vcmcvMjAwMC9zdmciPjwvc3ZnPg==\" style=\"--smush-placeholder-width: 660px; --smush-placeholder-aspect-ratio: 660\/321;\" \/><\/p>\n<p><img decoding=\"async\" data-attachment-id=\"40666\" data-permalink=\"https:\/\/eldiariodesanpedro.com.ar\/sitio\/agustin-rossi-visito-san-pedro-la-cara-mas-cruel-del-ser-humano-es-el-despido-y-el-hambre\/42239389_469152180265713_4390830901622210560_n\/\" data-orig-file=\"https:\/\/eldiariodesanpedro.com.ar\/sitio\/wp-content\/uploads\/2018\/09\/42239389_469152180265713_4390830901622210560_n.jpg\" data-orig-size=\"4032,1960\" data-comments-opened=\"1\" data-image-meta=\"{&quot;aperture&quot;:&quot;0&quot;,&quot;credit&quot;:&quot;&quot;,&quot;camera&quot;:&quot;&quot;,&quot;caption&quot;:&quot;&quot;,&quot;created_timestamp&quot;:&quot;0&quot;,&quot;copyright&quot;:&quot;&quot;,&quot;focal_length&quot;:&quot;0&quot;,&quot;iso&quot;:&quot;0&quot;,&quot;shutter_speed&quot;:&quot;0&quot;,&quot;title&quot;:&quot;&quot;,&quot;orientation&quot;:&quot;0&quot;}\" data-image-title=\"42239389_469152180265713_4390830901622210560_n\" data-image-description=\"\" data-image-caption=\"\" data-large-file=\"https:\/\/eldiariodesanpedro.com.ar\/sitio\/wp-content\/uploads\/2018\/09\/42239389_469152180265713_4390830901622210560_n-1024x498.jpg\" class=\"alignnone size-large wp-image-40666 lazyload\" data-src=\"https:\/\/eldiariodesanpedro.com.ar\/sitio\/wp-content\/uploads\/2018\/09\/42239389_469152180265713_4390830901622210560_n-1024x498.jpg\" alt=\"\" width=\"660\" height=\"321\" data-srcset=\"https:\/\/eldiariodesanpedro.com.ar\/sitio\/wp-content\/uploads\/2018\/09\/42239389_469152180265713_4390830901622210560_n-1024x498.jpg 1024w, https:\/\/eldiariodesanpedro.com.ar\/sitio\/wp-content\/uploads\/2018\/09\/42239389_469152180265713_4390830901622210560_n-300x146.jpg 300w, https:\/\/eldiariodesanpedro.com.ar\/sitio\/wp-content\/uploads\/2018\/09\/42239389_469152180265713_4390830901622210560_n-768x373.jpg 768w\" data-sizes=\"(max-width: 660px) 100vw, 660px\" src=\"data:image\/svg+xml;base64,PHN2ZyB3aWR0aD0iMSIgaGVpZ2h0PSIxIiB4bWxucz0iaHR0cDovL3d3dy53My5vcmcvMjAwMC9zdmciPjwvc3ZnPg==\" style=\"--smush-placeholder-width: 660px; --smush-placeholder-aspect-ratio: 660\/321;\" \/><\/p>\n<p><img decoding=\"async\" data-attachment-id=\"40667\" data-permalink=\"https:\/\/eldiariodesanpedro.com.ar\/sitio\/agustin-rossi-visito-san-pedro-la-cara-mas-cruel-del-ser-humano-es-el-despido-y-el-hambre\/42310167_293725154775059_8857870521828638720_n\/\" data-orig-file=\"https:\/\/eldiariodesanpedro.com.ar\/sitio\/wp-content\/uploads\/2018\/09\/42310167_293725154775059_8857870521828638720_n.jpg\" data-orig-size=\"4032,1960\" data-comments-opened=\"1\" data-image-meta=\"{&quot;aperture&quot;:&quot;0&quot;,&quot;credit&quot;:&quot;&quot;,&quot;camera&quot;:&quot;&quot;,&quot;caption&quot;:&quot;&quot;,&quot;created_timestamp&quot;:&quot;0&quot;,&quot;copyright&quot;:&quot;&quot;,&quot;focal_length&quot;:&quot;0&quot;,&quot;iso&quot;:&quot;0&quot;,&quot;shutter_speed&quot;:&quot;0&quot;,&quot;title&quot;:&quot;&quot;,&quot;orientation&quot;:&quot;0&quot;}\" data-image-title=\"42310167_293725154775059_8857870521828638720_n\" data-image-description=\"\" data-image-caption=\"\" data-large-file=\"https:\/\/eldiariodesanpedro.com.ar\/sitio\/wp-content\/uploads\/2018\/09\/42310167_293725154775059_8857870521828638720_n-1024x498.jpg\" class=\"alignnone size-large wp-image-40667 lazyload\" data-src=\"https:\/\/eldiariodesanpedro.com.ar\/sitio\/wp-content\/uploads\/2018\/09\/42310167_293725154775059_8857870521828638720_n-1024x498.jpg\" alt=\"\" width=\"660\" height=\"321\" data-srcset=\"https:\/\/eldiariodesanpedro.com.ar\/sitio\/wp-content\/uploads\/2018\/09\/42310167_293725154775059_8857870521828638720_n-1024x498.jpg 1024w, https:\/\/eldiariodesanpedro.com.ar\/sitio\/wp-content\/uploads\/2018\/09\/42310167_293725154775059_8857870521828638720_n-300x146.jpg 300w, https:\/\/eldiariodesanpedro.com.ar\/sitio\/wp-content\/uploads\/2018\/09\/42310167_293725154775059_8857870521828638720_n-768x373.jpg 768w\" data-sizes=\"(max-width: 660px) 100vw, 660px\" src=\"data:image\/svg+xml;base64,PHN2ZyB3aWR0aD0iMSIgaGVpZ2h0PSIxIiB4bWxucz0iaHR0cDovL3d3dy53My5vcmcvMjAwMC9zdmciPjwvc3ZnPg==\" style=\"--smush-placeholder-width: 660px; --smush-placeholder-aspect-ratio: 660\/321;\" \/><\/p>\n","protected":false},"excerpt":{"rendered":"<p>Este viernes al mediod\u00eda el Diputado Nacional y ex Ministro de Defensa de la anterior gesti\u00f3n de gobierno, realiz\u00f3 una recorrida por San Pedro, Ramallo, Arrecifes y San Antonio de Areco. Aqu\u00ed en nuestra ciudad brindo una conferencia de prensa a los medios de comunicaci\u00f3n en el Bar Butti acompa\u00f1ado con dirigentes de Unidad Ciudadana [&hellip;]<\/p>\n","protected":false},"author":4,"featured_media":40666,"comment_status":"open","ping_status":"closed","sticky":false,"template":"","format":"standard","meta":{"om_disable_all_campaigns":false,"_jetpack_memberships_contains_paid_content":false,"footnotes":""},"categories":[2,102],"tags":[],"class_list":["post-40662","post","type-post","status-publish","format-standard","has-post-thumbnail","hentry","category-locales","category-politica-locales"],"aioseo_notices":[],"gutentor_comment":0,"jetpack_featured_media_url":"https:\/\/eldiariodesanpedro.com.ar\/sitio\/wp-content\/uploads\/2018\/09\/42239389_469152180265713_4390830901622210560_n.jpg","jetpack_shortlink":"https:\/\/wp.me\/p6RhLt-azQ","jetpack_sharing_enabled":true,"_links":{"self":[{"href":"https:\/\/eldiariodesanpedro.com.ar\/sitio\/wp-json\/wp\/v2\/posts\/40662","targetHints":{"allow":["GET"]}}],"collection":[{"href":"https:\/\/eldiariodesanpedro.com.ar\/sitio\/wp-json\/wp\/v2\/posts"}],"about":[{"href":"https:\/\/eldiariodesanpedro.com.ar\/sitio\/wp-json\/wp\/v2\/types\/post"}],"author":[{"embeddable":true,"href":"https:\/\/eldiariodesanpedro.com.ar\/sitio\/wp-json\/wp\/v2\/users\/4"}],"replies":[{"embeddable":true,"href":"https:\/\/eldiariodesanpedro.com.ar\/sitio\/wp-json\/wp\/v2\/comments?post=40662"}],"version-history":[{"count":1,"href":"https:\/\/eldiariodesanpedro.com.ar\/sitio\/wp-json\/wp\/v2\/posts\/40662\/revisions"}],"predecessor-version":[{"id":40668,"href":"https:\/\/eldiariodesanpedro.com.ar\/sitio\/wp-json\/wp\/v2\/posts\/40662\/revisions\/40668"}],"wp:featuredmedia":[{"embeddable":true,"href":"https:\/\/eldiariodesanpedro.com.ar\/sitio\/wp-json\/wp\/v2\/media\/40666"}],"wp:attachment":[{"href":"https:\/\/eldiariodesanpedro.com.ar\/sitio\/wp-json\/wp\/v2\/media?parent=40662"}],"wp:term":[{"taxonomy":"category","embeddable":true,"href":"https:\/\/eldiariodesanpedro.com.ar\/sitio\/wp-json\/wp\/v2\/categories?post=40662"},{"taxonomy":"post_tag","embeddable":true,"href":"https:\/\/eldiariodesanpedro.com.ar\/sitio\/wp-json\/wp\/v2\/tags?post=40662"}],"curies":[{"name":"wp","href":"https:\/\/api.w.org\/{rel}","templated":true}]}}