{"id":40661,"date":"2018-09-21T18:43:30","date_gmt":"2018-09-21T21:43:30","guid":{"rendered":"https:\/\/eldiariodesanpedro.com.ar\/sitio\/?p=40661"},"modified":"2018-09-21T18:43:30","modified_gmt":"2018-09-21T21:43:30","slug":"apeba-analizo-la-situacion-del-mercado-electrico-en-una-reunion-en-san-pedro","status":"publish","type":"post","link":"https:\/\/eldiariodesanpedro.com.ar\/sitio\/apeba-analizo-la-situacion-del-mercado-electrico-en-una-reunion-en-san-pedro\/","title":{"rendered":"APEBA analiz\u00f3 la situaci\u00f3n del mercado el\u00e9ctrico en una reuni\u00f3n en San Pedro"},"content":{"rendered":"<p><!-- VideographyWP Plugin Message: Automatic video embedding prevented by plugin options. --><br \/>\nEn el Sal\u00f3n del Consejo de Administraci\u00f3n de COOPSER se desarroll\u00f3 este jueves 20 una reuni\u00f3n general de APEBA, con las autoridades de la Cooperativa como anfitriones y la participaci\u00f3n de delegaciones de diferentes puntos de la Provincia de Buenos Aires.<\/p>\n<p>La Asociaci\u00f3n de Prestadores El\u00e9ctricos de la Provincia de Buenos Aires (APEBA) est\u00e1 integrada concesionarias municipales de distribuci\u00f3n de energ\u00eda el\u00e9ctrica del \u00e1mbito de la Provincia de Buenos Aires, en su mayor\u00eda cooperativas. <\/p>\n<p>Tras la bienvenida de las autoridades de la entidad y del presidente de COOPSER Pablo Peralta, se analizaron diferentes puntos contenidos en el orden del d\u00eda y se plantearon las novedades vinculadas con las variantes en el mercado el\u00e9ctrico que mantienen a todos en una situaci\u00f3n de atenci\u00f3n permanente dadas las instancias que se vienen registrando tanto en el costo de la energ\u00eda como en la inversi\u00f3n necesaria para brindar el servicio en la situaci\u00f3n econ\u00f3mica actual.<\/p>\n","protected":false},"excerpt":{"rendered":"<p>En el Sal\u00f3n del Consejo de Administraci\u00f3n de COOPSER se desarroll\u00f3 este jueves 20 una reuni\u00f3n general de APEBA, con las autoridades de la Cooperativa como anfitriones y la participaci\u00f3n de delegaciones de diferentes puntos de la Provincia de Buenos Aires. La Asociaci\u00f3n de Prestadores El\u00e9ctricos de la Provincia de Buenos Aires (APEBA) est\u00e1 integrada [&hellip;]<\/p>\n","protected":false},"author":4,"featured_media":40663,"comment_status":"open","ping_status":"closed","sticky":false,"template":"","format":"standard","meta":{"om_disable_all_campaigns":false,"_jetpack_memberships_contains_paid_content":false,"footnotes":""},"categories":[101,2],"tags":[],"class_list":["post-40661","post","type-post","status-publish","format-standard","has-post-thumbnail","hentry","category-interes-general-locales","category-locales"],"aioseo_notices":[],"gutentor_comment":0,"jetpack_featured_media_url":"https:\/\/eldiariodesanpedro.com.ar\/sitio\/wp-content\/uploads\/2018\/09\/apeba2.jpg","jetpack_shortlink":"https:\/\/wp.me\/p6RhLt-azP","jetpack_sharing_enabled":true,"_links":{"self":[{"href":"https:\/\/eldiariodesanpedro.com.ar\/sitio\/wp-json\/wp\/v2\/posts\/40661","targetHints":{"allow":["GET"]}}],"collection":[{"href":"https:\/\/eldiariodesanpedro.com.ar\/sitio\/wp-json\/wp\/v2\/posts"}],"about":[{"href":"https:\/\/eldiariodesanpedro.com.ar\/sitio\/wp-json\/wp\/v2\/types\/post"}],"author":[{"embeddable":true,"href":"https:\/\/eldiariodesanpedro.com.ar\/sitio\/wp-json\/wp\/v2\/users\/4"}],"replies":[{"embeddable":true,"href":"https:\/\/eldiariodesanpedro.com.ar\/sitio\/wp-json\/wp\/v2\/comments?post=40661"}],"version-history":[{"count":1,"href":"https:\/\/eldiariodesanpedro.com.ar\/sitio\/wp-json\/wp\/v2\/posts\/40661\/revisions"}],"predecessor-version":[{"id":40664,"href":"https:\/\/eldiariodesanpedro.com.ar\/sitio\/wp-json\/wp\/v2\/posts\/40661\/revisions\/40664"}],"wp:featuredmedia":[{"embeddable":true,"href":"https:\/\/eldiariodesanpedro.com.ar\/sitio\/wp-json\/wp\/v2\/media\/40663"}],"wp:attachment":[{"href":"https:\/\/eldiariodesanpedro.com.ar\/sitio\/wp-json\/wp\/v2\/media?parent=40661"}],"wp:term":[{"taxonomy":"category","embeddable":true,"href":"https:\/\/eldiariodesanpedro.com.ar\/sitio\/wp-json\/wp\/v2\/categories?post=40661"},{"taxonomy":"post_tag","embeddable":true,"href":"https:\/\/eldiariodesanpedro.com.ar\/sitio\/wp-json\/wp\/v2\/tags?post=40661"}],"curies":[{"name":"wp","href":"https:\/\/api.w.org\/{rel}","templated":true}]}}