{"id":40658,"date":"2018-09-21T18:22:49","date_gmt":"2018-09-21T21:22:49","guid":{"rendered":"https:\/\/eldiariodesanpedro.com.ar\/sitio\/?p=40658"},"modified":"2018-09-21T18:22:49","modified_gmt":"2018-09-21T21:22:49","slug":"dia-de-la-primavera-en-el-playon-depietri","status":"publish","type":"post","link":"https:\/\/eldiariodesanpedro.com.ar\/sitio\/dia-de-la-primavera-en-el-playon-depietri\/","title":{"rendered":"D\u00eda de la Primavera en el Play\u00f3n Depietri"},"content":{"rendered":"<p><!-- VideographyWP Plugin Message: Automatic video embedding prevented by plugin options. --><br \/>\nEn una espl\u00e9ndida jornada para recibir a la primavera, esta ma\u00f1ana se realizaron actividades recreativas y f\u00edsicas en el Play\u00f3n de Depietri<br \/>\n con la participaci\u00f3n de ni\u00f1os y adolescentes del barrio. Fue un d\u00eda distinto en el que adem\u00e1s pudieron compartir momentos con sus familias.<\/p>\n<p>Fueron parte de la fiesta una feria de artesan\u00edas realizadas por ni\u00f1os y familiares, tambi\u00e9n se realizaron charlas de alimentaci\u00f3n saludable<br \/>\n y se mont\u00f3 el Puesto Sanitario de la Secretar\u00eda de Salud realizando controles. La actividad se complet\u00f3 con una radio en vivo a cargo de los adolescentes del Grupo Envi\u00f3n que transmitieron parte de la jornada.<\/p>\n","protected":false},"excerpt":{"rendered":"<p>En una espl\u00e9ndida jornada para recibir a la primavera, esta ma\u00f1ana se realizaron actividades recreativas y f\u00edsicas en el Play\u00f3n de Depietri con la participaci\u00f3n de ni\u00f1os y adolescentes del barrio. Fue un d\u00eda distinto en el que adem\u00e1s pudieron compartir momentos con sus familias. Fueron parte de la fiesta una feria de artesan\u00edas realizadas [&hellip;]<\/p>\n","protected":false},"author":4,"featured_media":40659,"comment_status":"open","ping_status":"closed","sticky":false,"template":"","format":"standard","meta":{"om_disable_all_campaigns":false,"_jetpack_memberships_contains_paid_content":false,"footnotes":""},"categories":[101,2],"tags":[],"class_list":["post-40658","post","type-post","status-publish","format-standard","has-post-thumbnail","hentry","category-interes-general-locales","category-locales"],"aioseo_notices":[],"gutentor_comment":0,"jetpack_featured_media_url":"https:\/\/eldiariodesanpedro.com.ar\/sitio\/wp-content\/uploads\/2018\/09\/pastedImage-1-2.png","jetpack_shortlink":"https:\/\/wp.me\/p6RhLt-azM","jetpack_sharing_enabled":true,"_links":{"self":[{"href":"https:\/\/eldiariodesanpedro.com.ar\/sitio\/wp-json\/wp\/v2\/posts\/40658","targetHints":{"allow":["GET"]}}],"collection":[{"href":"https:\/\/eldiariodesanpedro.com.ar\/sitio\/wp-json\/wp\/v2\/posts"}],"about":[{"href":"https:\/\/eldiariodesanpedro.com.ar\/sitio\/wp-json\/wp\/v2\/types\/post"}],"author":[{"embeddable":true,"href":"https:\/\/eldiariodesanpedro.com.ar\/sitio\/wp-json\/wp\/v2\/users\/4"}],"replies":[{"embeddable":true,"href":"https:\/\/eldiariodesanpedro.com.ar\/sitio\/wp-json\/wp\/v2\/comments?post=40658"}],"version-history":[{"count":1,"href":"https:\/\/eldiariodesanpedro.com.ar\/sitio\/wp-json\/wp\/v2\/posts\/40658\/revisions"}],"predecessor-version":[{"id":40660,"href":"https:\/\/eldiariodesanpedro.com.ar\/sitio\/wp-json\/wp\/v2\/posts\/40658\/revisions\/40660"}],"wp:featuredmedia":[{"embeddable":true,"href":"https:\/\/eldiariodesanpedro.com.ar\/sitio\/wp-json\/wp\/v2\/media\/40659"}],"wp:attachment":[{"href":"https:\/\/eldiariodesanpedro.com.ar\/sitio\/wp-json\/wp\/v2\/media?parent=40658"}],"wp:term":[{"taxonomy":"category","embeddable":true,"href":"https:\/\/eldiariodesanpedro.com.ar\/sitio\/wp-json\/wp\/v2\/categories?post=40658"},{"taxonomy":"post_tag","embeddable":true,"href":"https:\/\/eldiariodesanpedro.com.ar\/sitio\/wp-json\/wp\/v2\/tags?post=40658"}],"curies":[{"name":"wp","href":"https:\/\/api.w.org\/{rel}","templated":true}]}}