{"id":40655,"date":"2018-09-21T17:56:15","date_gmt":"2018-09-21T20:56:15","guid":{"rendered":"https:\/\/eldiariodesanpedro.com.ar\/sitio\/?p=40655"},"modified":"2018-09-21T17:56:15","modified_gmt":"2018-09-21T20:56:15","slug":"los-alumnos-de-envion-de-la-tosquera-viajaron-a-la-republica-de-los-ninos","status":"publish","type":"post","link":"https:\/\/eldiariodesanpedro.com.ar\/sitio\/los-alumnos-de-envion-de-la-tosquera-viajaron-a-la-republica-de-los-ninos\/","title":{"rendered":"Los alumnos de Envi\u00f3n de La Tosquera viajaron a la Rep\u00fablica de los Ni\u00f1os"},"content":{"rendered":"<p><!-- VideographyWP Plugin Message: Automatic video embedding prevented by plugin options. --><br \/>\nEl d\u00eda mi\u00e9rcoles 19 de setiembre viaj\u00f3 un contingente de 30 personas integrado por adolescentes, tutores y equipo t\u00e9cnico de la sede Envi\u00f3n de La Tosquera quienes representaron a nuestro municipio en la 3\u00aa edici\u00f3n del encuentro ENVI\u00d3N SOS VOS.<\/p>\n<p>El mismo tuvo lugar en la Rep\u00fablica de los Ni\u00f1os donde participaron m\u00e1s de 6000 j\u00f3venes de las distintas sedes envioneras de la provincia. Este encuentro que va creciendo a\u00f1o a a\u00f1o permite el intercambio entre los j\u00f3venes, para que compartan actividades recreativas, deportivas y culturales, como as\u00ed tambi\u00e9n para que los equipos t\u00e9cnicos compartan vivencias y se sistematicen para mejorar el programa.<\/p>\n","protected":false},"excerpt":{"rendered":"<p>El d\u00eda mi\u00e9rcoles 19 de setiembre viaj\u00f3 un contingente de 30 personas integrado por adolescentes, tutores y equipo t\u00e9cnico de la sede Envi\u00f3n de La Tosquera quienes representaron a nuestro municipio en la 3\u00aa edici\u00f3n del encuentro ENVI\u00d3N SOS VOS. El mismo tuvo lugar en la Rep\u00fablica de los Ni\u00f1os donde participaron m\u00e1s de 6000 [&hellip;]<\/p>\n","protected":false},"author":4,"featured_media":40656,"comment_status":"open","ping_status":"closed","sticky":false,"template":"","format":"standard","meta":{"om_disable_all_campaigns":false,"_jetpack_memberships_contains_paid_content":false,"footnotes":""},"categories":[101,2],"tags":[],"class_list":["post-40655","post","type-post","status-publish","format-standard","has-post-thumbnail","hentry","category-interes-general-locales","category-locales"],"aioseo_notices":[],"gutentor_comment":0,"jetpack_featured_media_url":"https:\/\/eldiariodesanpedro.com.ar\/sitio\/wp-content\/uploads\/2018\/09\/pastedImage-9.png","jetpack_shortlink":"https:\/\/wp.me\/p6RhLt-azJ","jetpack_sharing_enabled":true,"_links":{"self":[{"href":"https:\/\/eldiariodesanpedro.com.ar\/sitio\/wp-json\/wp\/v2\/posts\/40655","targetHints":{"allow":["GET"]}}],"collection":[{"href":"https:\/\/eldiariodesanpedro.com.ar\/sitio\/wp-json\/wp\/v2\/posts"}],"about":[{"href":"https:\/\/eldiariodesanpedro.com.ar\/sitio\/wp-json\/wp\/v2\/types\/post"}],"author":[{"embeddable":true,"href":"https:\/\/eldiariodesanpedro.com.ar\/sitio\/wp-json\/wp\/v2\/users\/4"}],"replies":[{"embeddable":true,"href":"https:\/\/eldiariodesanpedro.com.ar\/sitio\/wp-json\/wp\/v2\/comments?post=40655"}],"version-history":[{"count":1,"href":"https:\/\/eldiariodesanpedro.com.ar\/sitio\/wp-json\/wp\/v2\/posts\/40655\/revisions"}],"predecessor-version":[{"id":40657,"href":"https:\/\/eldiariodesanpedro.com.ar\/sitio\/wp-json\/wp\/v2\/posts\/40655\/revisions\/40657"}],"wp:featuredmedia":[{"embeddable":true,"href":"https:\/\/eldiariodesanpedro.com.ar\/sitio\/wp-json\/wp\/v2\/media\/40656"}],"wp:attachment":[{"href":"https:\/\/eldiariodesanpedro.com.ar\/sitio\/wp-json\/wp\/v2\/media?parent=40655"}],"wp:term":[{"taxonomy":"category","embeddable":true,"href":"https:\/\/eldiariodesanpedro.com.ar\/sitio\/wp-json\/wp\/v2\/categories?post=40655"},{"taxonomy":"post_tag","embeddable":true,"href":"https:\/\/eldiariodesanpedro.com.ar\/sitio\/wp-json\/wp\/v2\/tags?post=40655"}],"curies":[{"name":"wp","href":"https:\/\/api.w.org\/{rel}","templated":true}]}}