{"id":40652,"date":"2018-09-21T09:57:47","date_gmt":"2018-09-21T12:57:47","guid":{"rendered":"https:\/\/eldiariodesanpedro.com.ar\/sitio\/?p=40652"},"modified":"2018-09-21T09:57:47","modified_gmt":"2018-09-21T12:57:47","slug":"reconocimiento-a-los-jovenes-olimpicos-del-cnsp","status":"publish","type":"post","link":"https:\/\/eldiariodesanpedro.com.ar\/sitio\/reconocimiento-a-los-jovenes-olimpicos-del-cnsp\/","title":{"rendered":"Reconocimiento a los \u00abj\u00f3venes ol\u00edmpicos\u00bb del CNSP"},"content":{"rendered":"<p><!-- VideographyWP Plugin Message: Automatic video embedding prevented by plugin options. --><br \/>\nEl Club N\u00e1utico San Pedro brind\u00f3 el jueves 20 por la noche en el sal\u00f3n social, un reconocimiento especial a los deportistas surgidos de la instituci\u00f3n que tendr\u00e1n desde el pr\u00f3ximo 6 de Octubre la oportunidad de representar a Argentina en los hist\u00f3ricos Juegos Ol\u00edmpicos de la Juventud que desarrollar\u00e1n en Buenos Aires.<\/p>\n<p>Dante Cittadini que adem\u00e1s ser\u00e1 abanderado de la delegaci\u00f3n nacional competir\u00e1 en la clase Nacra de Yachting en pareja con Teresa Romairone y estuvo acompa\u00f1ado por su entrenador y tambi\u00e9n deportista Nicol\u00e1s Schargorodsky. <\/p>\n<p>Valent\u00edn Rossi y Rebeca D&#8217;Estefano ser\u00e1n los representantes en Canotaje. En la introducci\u00f3n el Vicecomodoro Mauricio Gugger en representaci\u00f3n del Comodoro Dr. Marcos Arana les dio la bienvenida a todos y destac\u00f3 la relevancia para el deporte del club que tiene este acontecimiento y destac\u00f3 adem\u00e1s como hecho muy simb\u00f3lico que la ceremonia de apertura coincida con el d\u00eda del 111 aniversario del Club. El Profesor Guillermo Vel\u00e1zquez, Director de Deportes del club traz\u00f3 un perfil de los cuatro j\u00f3venes y tambi\u00e9n destac\u00f3 la representatividad que tiene en una ciudad como San Pedro y en una instituci\u00f3n como el N\u00e1utico poder seguir en los primeros planos internacionales con este nivel, despu\u00e9s de mucho esfuerzo y sacrificio. Los entrenadores Nano Luppi de Yachting y Edgardo Rasio de Canotaje que han visto crecer a los deportistas desde sus comienzos se sumaron con palabras de felicitaci\u00f3n y apoyo a los chicos y finalmente Nicol\u00e1s, Dante, Valent\u00edn y Rebeca mantuvieron una charla con los periodistas contando los preparativos y el significado que para cada uno de ellos tiene esta gran oportunidad. Los presentes, entre ellos el Jefe de la Prefectura San Pedro, el Director de Deportes de la Municipalidad, directivos, miembros de subcomisiones y familias cerraron la ceremonia con un gran aplauso y quedaron expuestos en el club tres gigantograf\u00edas con el logo de los Juegos y las fotos de los chicos para que durante los pr\u00f3ximos d\u00edas est\u00e9n a la vista de todos en se\u00f1al de apoyo y aliento ante esta gran experiencia.<\/p>\n","protected":false},"excerpt":{"rendered":"<p>El Club N\u00e1utico San Pedro brind\u00f3 el jueves 20 por la noche en el sal\u00f3n social, un reconocimiento especial a los deportistas surgidos de la instituci\u00f3n que tendr\u00e1n desde el pr\u00f3ximo 6 de Octubre la oportunidad de representar a Argentina en los hist\u00f3ricos Juegos Ol\u00edmpicos de la Juventud que desarrollar\u00e1n en Buenos Aires. Dante Cittadini [&hellip;]<\/p>\n","protected":false},"author":4,"featured_media":40653,"comment_status":"open","ping_status":"closed","sticky":false,"template":"","format":"standard","meta":{"om_disable_all_campaigns":false,"_jetpack_memberships_contains_paid_content":false,"footnotes":""},"categories":[101,2],"tags":[],"class_list":["post-40652","post","type-post","status-publish","format-standard","has-post-thumbnail","hentry","category-interes-general-locales","category-locales"],"aioseo_notices":[],"gutentor_comment":0,"jetpack_featured_media_url":"https:\/\/eldiariodesanpedro.com.ar\/sitio\/wp-content\/uploads\/2018\/09\/WhatsApp-Image-2018-09-21-at-06.08.50.jpeg","jetpack_shortlink":"https:\/\/wp.me\/p6RhLt-azG","jetpack_sharing_enabled":true,"_links":{"self":[{"href":"https:\/\/eldiariodesanpedro.com.ar\/sitio\/wp-json\/wp\/v2\/posts\/40652","targetHints":{"allow":["GET"]}}],"collection":[{"href":"https:\/\/eldiariodesanpedro.com.ar\/sitio\/wp-json\/wp\/v2\/posts"}],"about":[{"href":"https:\/\/eldiariodesanpedro.com.ar\/sitio\/wp-json\/wp\/v2\/types\/post"}],"author":[{"embeddable":true,"href":"https:\/\/eldiariodesanpedro.com.ar\/sitio\/wp-json\/wp\/v2\/users\/4"}],"replies":[{"embeddable":true,"href":"https:\/\/eldiariodesanpedro.com.ar\/sitio\/wp-json\/wp\/v2\/comments?post=40652"}],"version-history":[{"count":1,"href":"https:\/\/eldiariodesanpedro.com.ar\/sitio\/wp-json\/wp\/v2\/posts\/40652\/revisions"}],"predecessor-version":[{"id":40654,"href":"https:\/\/eldiariodesanpedro.com.ar\/sitio\/wp-json\/wp\/v2\/posts\/40652\/revisions\/40654"}],"wp:featuredmedia":[{"embeddable":true,"href":"https:\/\/eldiariodesanpedro.com.ar\/sitio\/wp-json\/wp\/v2\/media\/40653"}],"wp:attachment":[{"href":"https:\/\/eldiariodesanpedro.com.ar\/sitio\/wp-json\/wp\/v2\/media?parent=40652"}],"wp:term":[{"taxonomy":"category","embeddable":true,"href":"https:\/\/eldiariodesanpedro.com.ar\/sitio\/wp-json\/wp\/v2\/categories?post=40652"},{"taxonomy":"post_tag","embeddable":true,"href":"https:\/\/eldiariodesanpedro.com.ar\/sitio\/wp-json\/wp\/v2\/tags?post=40652"}],"curies":[{"name":"wp","href":"https:\/\/api.w.org\/{rel}","templated":true}]}}