{"id":40650,"date":"2018-09-21T09:29:03","date_gmt":"2018-09-21T12:29:03","guid":{"rendered":"https:\/\/eldiariodesanpedro.com.ar\/sitio\/?p=40650"},"modified":"2018-09-21T09:30:57","modified_gmt":"2018-09-21T12:30:57","slug":"un-hombre-aprehendido-con-pedido-de-captura-activa-del-ano-2016","status":"publish","type":"post","link":"https:\/\/eldiariodesanpedro.com.ar\/sitio\/un-hombre-aprehendido-con-pedido-de-captura-activa-del-ano-2016\/","title":{"rendered":"Un hombre aprehendido con pedido de captura activa del a\u00f1o 2016"},"content":{"rendered":"<p><!-- VideographyWP Plugin Message: Automatic video embedding prevented by plugin options. --><br \/>\nEn la madrugada de hoy, personal de comisar\u00eda abocados a identificaci\u00f3n de personas como as\u00ed tambi\u00e9n interceptaci\u00f3n de veh\u00edculos, en el marco de operativos, proceden a la aprehensi\u00f3n de un hombre, en intersecci\u00f3n de las calles Pellegrini y H. Pueyrred\u00f3n, quien identificado cursados sus datos personales a radio , el mismo arroja pedido de captura activo desde al a\u00f1o 2016, a solicitud de juzgado N\u00b01 del departamento judicial de san Nicol\u00e1s.<\/p>\n<p> Se cumplieron recaudos legales.<\/p>\n","protected":false},"excerpt":{"rendered":"<p>En la madrugada de hoy, personal de comisar\u00eda abocados a identificaci\u00f3n de personas como as\u00ed tambi\u00e9n interceptaci\u00f3n de veh\u00edculos, en el marco de operativos, proceden a la aprehensi\u00f3n de un hombre, en intersecci\u00f3n de las calles Pellegrini y H. Pueyrred\u00f3n, quien identificado cursados sus datos personales a radio , el mismo arroja pedido de captura [&hellip;]<\/p>\n","protected":false},"author":4,"featured_media":29146,"comment_status":"open","ping_status":"closed","sticky":false,"template":"","format":"standard","meta":{"om_disable_all_campaigns":false,"_jetpack_memberships_contains_paid_content":false,"footnotes":""},"categories":[2,103],"tags":[],"class_list":["post-40650","post","type-post","status-publish","format-standard","has-post-thumbnail","hentry","category-locales","category-policiales-locales"],"aioseo_notices":[],"gutentor_comment":0,"jetpack_featured_media_url":"https:\/\/eldiariodesanpedro.com.ar\/sitio\/wp-content\/uploads\/2018\/02\/El-sujeto-aprehendido.jpg","jetpack_shortlink":"https:\/\/wp.me\/p6RhLt-azE","jetpack_sharing_enabled":true,"_links":{"self":[{"href":"https:\/\/eldiariodesanpedro.com.ar\/sitio\/wp-json\/wp\/v2\/posts\/40650","targetHints":{"allow":["GET"]}}],"collection":[{"href":"https:\/\/eldiariodesanpedro.com.ar\/sitio\/wp-json\/wp\/v2\/posts"}],"about":[{"href":"https:\/\/eldiariodesanpedro.com.ar\/sitio\/wp-json\/wp\/v2\/types\/post"}],"author":[{"embeddable":true,"href":"https:\/\/eldiariodesanpedro.com.ar\/sitio\/wp-json\/wp\/v2\/users\/4"}],"replies":[{"embeddable":true,"href":"https:\/\/eldiariodesanpedro.com.ar\/sitio\/wp-json\/wp\/v2\/comments?post=40650"}],"version-history":[{"count":1,"href":"https:\/\/eldiariodesanpedro.com.ar\/sitio\/wp-json\/wp\/v2\/posts\/40650\/revisions"}],"predecessor-version":[{"id":40651,"href":"https:\/\/eldiariodesanpedro.com.ar\/sitio\/wp-json\/wp\/v2\/posts\/40650\/revisions\/40651"}],"wp:featuredmedia":[{"embeddable":true,"href":"https:\/\/eldiariodesanpedro.com.ar\/sitio\/wp-json\/wp\/v2\/media\/29146"}],"wp:attachment":[{"href":"https:\/\/eldiariodesanpedro.com.ar\/sitio\/wp-json\/wp\/v2\/media?parent=40650"}],"wp:term":[{"taxonomy":"category","embeddable":true,"href":"https:\/\/eldiariodesanpedro.com.ar\/sitio\/wp-json\/wp\/v2\/categories?post=40650"},{"taxonomy":"post_tag","embeddable":true,"href":"https:\/\/eldiariodesanpedro.com.ar\/sitio\/wp-json\/wp\/v2\/tags?post=40650"}],"curies":[{"name":"wp","href":"https:\/\/api.w.org\/{rel}","templated":true}]}}