{"id":40646,"date":"2018-09-21T09:04:02","date_gmt":"2018-09-21T12:04:02","guid":{"rendered":"https:\/\/eldiariodesanpedro.com.ar\/sitio\/?p=40646"},"modified":"2018-09-21T09:04:02","modified_gmt":"2018-09-21T12:04:02","slug":"le-robo-el-televisor-a-su-abuela","status":"publish","type":"post","link":"https:\/\/eldiariodesanpedro.com.ar\/sitio\/le-robo-el-televisor-a-su-abuela\/","title":{"rendered":"Le robo el televisor a su abuela"},"content":{"rendered":"<p><!-- VideographyWP Plugin Message: Automatic video embedding prevented by plugin options. --><br \/>\nUn sorprendente hecho delictivo ocurri\u00f3 en la tarde noche del jueves cuando un delincuente entr\u00f3 a la casa de su abuela y le robo el televisor.<\/p>\n<p>Personal policial fue alertado por una mujer mayor de edad  y tras rapido proceder de los efectivos lograron la aprehensi\u00f3n de su nieto de 28, en calle Alvarado e Ituzaingo quien minutos antes le hab\u00eda sustra\u00eddo su televisor del interior del domicilio sin violencia, ubicado en calle J. B. Gonzalez al 1500.<\/p>\n<p> Investiga el hecho la fiscal\u00eda en turno de san pedro. Para el aprehendido se cumplieron recaudos legales.<\/p>\n","protected":false},"excerpt":{"rendered":"<p>Un sorprendente hecho delictivo ocurri\u00f3 en la tarde noche del jueves cuando un delincuente entr\u00f3 a la casa de su abuela y le robo el televisor. Personal policial fue alertado por una mujer mayor de edad y tras rapido proceder de los efectivos lograron la aprehensi\u00f3n de su nieto de 28, en calle Alvarado e [&hellip;]<\/p>\n","protected":false},"author":4,"featured_media":23313,"comment_status":"open","ping_status":"closed","sticky":false,"template":"","format":"standard","meta":{"om_disable_all_campaigns":false,"_jetpack_memberships_contains_paid_content":false,"footnotes":""},"categories":[50,2,103],"tags":[],"class_list":["post-40646","post","type-post","status-publish","format-standard","has-post-thumbnail","hentry","category-destacadas","category-locales","category-policiales-locales"],"aioseo_notices":[],"gutentor_comment":0,"jetpack_featured_media_url":"https:\/\/eldiariodesanpedro.com.ar\/sitio\/wp-content\/uploads\/2017\/09\/patrulla-nocturna.jpg","jetpack_shortlink":"https:\/\/wp.me\/p6RhLt-azA","jetpack_sharing_enabled":true,"_links":{"self":[{"href":"https:\/\/eldiariodesanpedro.com.ar\/sitio\/wp-json\/wp\/v2\/posts\/40646","targetHints":{"allow":["GET"]}}],"collection":[{"href":"https:\/\/eldiariodesanpedro.com.ar\/sitio\/wp-json\/wp\/v2\/posts"}],"about":[{"href":"https:\/\/eldiariodesanpedro.com.ar\/sitio\/wp-json\/wp\/v2\/types\/post"}],"author":[{"embeddable":true,"href":"https:\/\/eldiariodesanpedro.com.ar\/sitio\/wp-json\/wp\/v2\/users\/4"}],"replies":[{"embeddable":true,"href":"https:\/\/eldiariodesanpedro.com.ar\/sitio\/wp-json\/wp\/v2\/comments?post=40646"}],"version-history":[{"count":1,"href":"https:\/\/eldiariodesanpedro.com.ar\/sitio\/wp-json\/wp\/v2\/posts\/40646\/revisions"}],"predecessor-version":[{"id":40647,"href":"https:\/\/eldiariodesanpedro.com.ar\/sitio\/wp-json\/wp\/v2\/posts\/40646\/revisions\/40647"}],"wp:featuredmedia":[{"embeddable":true,"href":"https:\/\/eldiariodesanpedro.com.ar\/sitio\/wp-json\/wp\/v2\/media\/23313"}],"wp:attachment":[{"href":"https:\/\/eldiariodesanpedro.com.ar\/sitio\/wp-json\/wp\/v2\/media?parent=40646"}],"wp:term":[{"taxonomy":"category","embeddable":true,"href":"https:\/\/eldiariodesanpedro.com.ar\/sitio\/wp-json\/wp\/v2\/categories?post=40646"},{"taxonomy":"post_tag","embeddable":true,"href":"https:\/\/eldiariodesanpedro.com.ar\/sitio\/wp-json\/wp\/v2\/tags?post=40646"}],"curies":[{"name":"wp","href":"https:\/\/api.w.org\/{rel}","templated":true}]}}