{"id":40644,"date":"2018-09-21T08:56:40","date_gmt":"2018-09-21T11:56:40","guid":{"rendered":"https:\/\/eldiariodesanpedro.com.ar\/sitio\/?p=40644"},"modified":"2018-09-21T08:56:40","modified_gmt":"2018-09-21T11:56:40","slug":"robaron-bolsas-de-batatas-de-un-lavadero-y-fueron-aprehendidos-a-los-pocos-minutos","status":"publish","type":"post","link":"https:\/\/eldiariodesanpedro.com.ar\/sitio\/robaron-bolsas-de-batatas-de-un-lavadero-y-fueron-aprehendidos-a-los-pocos-minutos\/","title":{"rendered":"Robaron bolsas de batatas de un lavadero y fueron aprehendidos a los pocos minutos"},"content":{"rendered":"<p><!-- VideographyWP Plugin Message: Automatic video embedding prevented by plugin options. --><br \/>\nEl hecho ocurri\u00f3 es la tarde del jueves cuando dos sujetos sustrajeron de un lavadero bolsas de batata. La polic\u00eda los pudo identificar y aprehender a los minutos.<\/p>\n<p>A ra\u00edz de un aviso al personal de Comisar\u00eda en conjunto con personal de GAD San Nicolas, que delincuentes hab\u00edan sustra\u00eddo de un lavadero ubicado en Ruta 1001 Km 7 aprox, bolsas de batatas movilizandose en una motocicleta 110 cc.<\/p>\n<p>Tras r\u00e1pido accionar de los efectivos fueron aprehendidos a los pocos minutos con los elementos robados en su poder en intersecci\u00f3n de las calles Uruguay y J.B Justo.<\/p>\n<p> Investiga el hecho la fiscal\u00eda en turno de San Pedro, a quien se puso a disposici\u00f3n los aprehendidos.<\/p>\n","protected":false},"excerpt":{"rendered":"<p>El hecho ocurri\u00f3 es la tarde del jueves cuando dos sujetos sustrajeron de un lavadero bolsas de batata. La polic\u00eda los pudo identificar y aprehender a los minutos. A ra\u00edz de un aviso al personal de Comisar\u00eda en conjunto con personal de GAD San Nicolas, que delincuentes hab\u00edan sustra\u00eddo de un lavadero ubicado en Ruta [&hellip;]<\/p>\n","protected":false},"author":4,"featured_media":30195,"comment_status":"open","ping_status":"closed","sticky":false,"template":"","format":"standard","meta":{"om_disable_all_campaigns":false,"_jetpack_memberships_contains_paid_content":false,"footnotes":""},"categories":[50,2,103],"tags":[],"class_list":["post-40644","post","type-post","status-publish","format-standard","has-post-thumbnail","hentry","category-destacadas","category-locales","category-policiales-locales"],"aioseo_notices":[],"gutentor_comment":0,"jetpack_featured_media_url":"https:\/\/eldiariodesanpedro.com.ar\/sitio\/wp-content\/uploads\/2018\/03\/Aprehendido-y-ofuscado.jpg","jetpack_shortlink":"https:\/\/wp.me\/p6RhLt-azy","jetpack_sharing_enabled":true,"_links":{"self":[{"href":"https:\/\/eldiariodesanpedro.com.ar\/sitio\/wp-json\/wp\/v2\/posts\/40644","targetHints":{"allow":["GET"]}}],"collection":[{"href":"https:\/\/eldiariodesanpedro.com.ar\/sitio\/wp-json\/wp\/v2\/posts"}],"about":[{"href":"https:\/\/eldiariodesanpedro.com.ar\/sitio\/wp-json\/wp\/v2\/types\/post"}],"author":[{"embeddable":true,"href":"https:\/\/eldiariodesanpedro.com.ar\/sitio\/wp-json\/wp\/v2\/users\/4"}],"replies":[{"embeddable":true,"href":"https:\/\/eldiariodesanpedro.com.ar\/sitio\/wp-json\/wp\/v2\/comments?post=40644"}],"version-history":[{"count":1,"href":"https:\/\/eldiariodesanpedro.com.ar\/sitio\/wp-json\/wp\/v2\/posts\/40644\/revisions"}],"predecessor-version":[{"id":40645,"href":"https:\/\/eldiariodesanpedro.com.ar\/sitio\/wp-json\/wp\/v2\/posts\/40644\/revisions\/40645"}],"wp:featuredmedia":[{"embeddable":true,"href":"https:\/\/eldiariodesanpedro.com.ar\/sitio\/wp-json\/wp\/v2\/media\/30195"}],"wp:attachment":[{"href":"https:\/\/eldiariodesanpedro.com.ar\/sitio\/wp-json\/wp\/v2\/media?parent=40644"}],"wp:term":[{"taxonomy":"category","embeddable":true,"href":"https:\/\/eldiariodesanpedro.com.ar\/sitio\/wp-json\/wp\/v2\/categories?post=40644"},{"taxonomy":"post_tag","embeddable":true,"href":"https:\/\/eldiariodesanpedro.com.ar\/sitio\/wp-json\/wp\/v2\/tags?post=40644"}],"curies":[{"name":"wp","href":"https:\/\/api.w.org\/{rel}","templated":true}]}}