{"id":40639,"date":"2018-09-20T20:42:36","date_gmt":"2018-09-20T23:42:36","guid":{"rendered":"https:\/\/eldiariodesanpedro.com.ar\/sitio\/?p=40639"},"modified":"2026-01-24T00:10:51","modified_gmt":"2026-01-24T03:10:51","slug":"karate-varias-medallas-en-el-nacional-de-catamarca","status":"publish","type":"post","link":"https:\/\/eldiariodesanpedro.com.ar\/sitio\/karate-varias-medallas-en-el-nacional-de-catamarca\/","title":{"rendered":"KARATE: Varias medallas en el Nacional de Catamarca"},"content":{"rendered":"<p><!-- VideographyWP Plugin Message: Automatic video embedding prevented by plugin options. --><br \/>\n  Se llev\u00f3 a cabo el Campeonato Argentino durante el fin de semana pasado en Catamarca, participaron deportistas de distintas provincias de nuestro pa\u00eds, fue organizado por Federaci\u00f3n Nacional de Karate Do Argentina (FNK), logrando varias medallas la delegaci\u00f3n de San Pedro.<\/p>\n<p>  En la ciudad Capital una nueva edici\u00f3n del Campeonato Argentino de Karate-do de FNK, este evento nacional cont\u00f3 con la organizaci\u00f3n y fiscalizaci\u00f3n de la Federaci\u00f3n Nacional (FNK) m\u00e1s la coordinaci\u00f3n de la Uni\u00f3n Catamarque\u00f1a de la disciplina y la Escuela de Karate-do de la Sociedad Sirio Libanesa.<\/p>\n<p><strong>Categor\u00eda KATA (Formas)<\/strong><br \/>\n<em>ORO:<\/em><br \/>\n\u2022 Barcala Delfina<br \/>\n\u2022 Flaiman Romina<br \/>\n\u2022 M\u00e9ndez Sergio<br \/>\n\u2022 Fanego Carlos<br \/>\n\u2022 Bravo Jonathan<br \/>\n\u2022 Atencio Tiffany<br \/>\n\u2022 Bravo Lautaro<br \/>\n\u2022 Flores Alejandro<br \/>\n\u2022 Cardozo Alumine<br \/>\n\u2022 Fiore I\u00f1aki<br \/>\n\u2022 Scollo Valentina<\/p>\n<p><em>Plata:<\/em><br \/>\n\u2022 Fanego Lara<br \/>\n\u2022 Franzoia Sof\u00eda<br \/>\n\u2022 Alzogaray \u00c1ngel<br \/>\n\u2022 Lacuadra Bruno<br \/>\n\u2022 Jatil Mat\u00edas<br \/>\n\u2022 R\u00edos Mando Luana<br \/>\n\u2022 Otero Mart\u00edn<br \/>\n\u2022 Piola Carlos<br \/>\n\u2022 Oriolo Mat\u00edas<\/p>\n<p><em>Bronce:<\/em><br \/>\n\u2022 Dadonna Agustina<br \/>\n\u2022 Jatil Lucas<br \/>\n\u2022 Flores Joaqu\u00edn<br \/>\n\u2022 Oliver Fausto<\/p>\n<p><strong>Categor\u00eda Kumite (Combate)<\/strong><br \/>\n<em>Oro:<\/em><br \/>\n\u2022 Flaiman Romina<br \/>\n\u2022 M\u00e9ndez Sergio<br \/>\n\u2022 Bravo Jonathan<br \/>\n\u2022 Sepich Ignacio<br \/>\n\u2022 Atencio Tiffany<br \/>\n\u2022 R\u00edos Mando Luana<br \/>\n\u2022 Cardozo Alumine<br \/>\n\u2022 Flores Joaqu\u00edn<br \/>\n\u2022 Piola Carlos<\/p>\n<p><em>Plata:<\/em><br \/>\n\u2022 DA\u2019 Donna Agustina<br \/>\n\u2022 Oliver Fausto<\/p>\n<p><em>Bronce:<\/em><br \/>\n\u2022 Jatil Lucas<br \/>\n\u2022 Jatil Mat\u00edas<br \/>\n\u2022 Flores Alejandro<br \/>\n\u2022 Otero Mart\u00edn<br \/>\n\u2022 Scollo Valentina<br \/>\n\u2022 Barcala Delfina<\/p>\n<p><strong>EQUIPOS KATA:<\/strong><br \/>\nMayores masculino: Bravo Jonathan, Mendez Sergio, Fiore I\u00f1aki (Medalla De Oro)<br \/>\nMayores femenino: Flaiman Romina, Barcala Delfina, Franzoia Sofia (Medalla Plata)<\/p>\n<p><strong>EQUIPOS KUMITE: <\/strong><br \/>\nMayores masculino: Bravo Jonathan, Mendez Sergio, Sepich Ignacio (Medalla De Plata)<\/p>\n","protected":false},"excerpt":{"rendered":"<p>Se llev\u00f3 a cabo el Campeonato Argentino durante el fin de semana pasado en Catamarca, participaron deportistas de distintas provincias de nuestro pa\u00eds, fue organizado por Federaci\u00f3n Nacional de Karate Do Argentina (FNK), logrando varias medallas la delegaci\u00f3n de San Pedro. En la ciudad Capital una nueva edici\u00f3n del Campeonato Argentino de Karate-do de FNK, [&hellip;]<\/p>\n","protected":false},"author":4,"featured_media":10754,"comment_status":"open","ping_status":"closed","sticky":false,"template":"","format":"standard","meta":{"om_disable_all_campaigns":false,"_jetpack_memberships_contains_paid_content":false,"footnotes":""},"categories":[5],"tags":[],"class_list":["post-40639","post","type-post","status-publish","format-standard","has-post-thumbnail","hentry","category-deportes"],"aioseo_notices":[],"gutentor_comment":0,"jetpack_featured_media_url":"https:\/\/eldiariodesanpedro.com.ar\/sitio\/wp-content\/uploads\/2016\/11\/karate.jpg","jetpack_shortlink":"https:\/\/wp.me\/p6RhLt-azt","jetpack_sharing_enabled":true,"_links":{"self":[{"href":"https:\/\/eldiariodesanpedro.com.ar\/sitio\/wp-json\/wp\/v2\/posts\/40639","targetHints":{"allow":["GET"]}}],"collection":[{"href":"https:\/\/eldiariodesanpedro.com.ar\/sitio\/wp-json\/wp\/v2\/posts"}],"about":[{"href":"https:\/\/eldiariodesanpedro.com.ar\/sitio\/wp-json\/wp\/v2\/types\/post"}],"author":[{"embeddable":true,"href":"https:\/\/eldiariodesanpedro.com.ar\/sitio\/wp-json\/wp\/v2\/users\/4"}],"replies":[{"embeddable":true,"href":"https:\/\/eldiariodesanpedro.com.ar\/sitio\/wp-json\/wp\/v2\/comments?post=40639"}],"version-history":[{"count":1,"href":"https:\/\/eldiariodesanpedro.com.ar\/sitio\/wp-json\/wp\/v2\/posts\/40639\/revisions"}],"predecessor-version":[{"id":40641,"href":"https:\/\/eldiariodesanpedro.com.ar\/sitio\/wp-json\/wp\/v2\/posts\/40639\/revisions\/40641"}],"wp:featuredmedia":[{"embeddable":true,"href":"https:\/\/eldiariodesanpedro.com.ar\/sitio\/wp-json\/wp\/v2\/media\/10754"}],"wp:attachment":[{"href":"https:\/\/eldiariodesanpedro.com.ar\/sitio\/wp-json\/wp\/v2\/media?parent=40639"}],"wp:term":[{"taxonomy":"category","embeddable":true,"href":"https:\/\/eldiariodesanpedro.com.ar\/sitio\/wp-json\/wp\/v2\/categories?post=40639"},{"taxonomy":"post_tag","embeddable":true,"href":"https:\/\/eldiariodesanpedro.com.ar\/sitio\/wp-json\/wp\/v2\/tags?post=40639"}],"curies":[{"name":"wp","href":"https:\/\/api.w.org\/{rel}","templated":true}]}}