{"id":40638,"date":"2018-09-20T20:41:58","date_gmt":"2018-09-20T23:41:58","guid":{"rendered":"https:\/\/eldiariodesanpedro.com.ar\/sitio\/?p=40638"},"modified":"2026-01-24T00:10:51","modified_gmt":"2026-01-24T03:10:51","slug":"boxeo-profesional-se-anuncia-un-festival-de-kick-boxing-y-boxeo-en-rio-tala","status":"publish","type":"post","link":"https:\/\/eldiariodesanpedro.com.ar\/sitio\/boxeo-profesional-se-anuncia-un-festival-de-kick-boxing-y-boxeo-en-rio-tala\/","title":{"rendered":"BOXEO PROFESIONAL: Se anuncia un festival de kick boxing y boxeo en R\u00edo Tala"},"content":{"rendered":"<p><!-- VideographyWP Plugin Message: Automatic video embedding prevented by plugin options. --><br \/>\n  El Club Recreativo Talense est\u00e1 preparando un gran festival de Kick Boxing y Boxeo para el pr\u00f3ximo 13 de octubre en R\u00edo Tala con varias peleas y la de fondo profesional con Miguel Correa.<\/p>\n<p>  La velada contar\u00e1 entre otros, con Facundo Torres, Bruno Vera, Jos\u00e9 Villalba, \u00c1lvaro Cardoso y Uriel Ferreyra (todos de la escuela de boxeo del Club Talense), todos aficionados, enfrentados a p\u00fagiles de la zona.<br \/>\n  En la pelea de fondo profesional est\u00e1 previsto que lo haga Miguel \u00c1ngel Correa ante el zarate\u00f1o Pablo Ezequiel Rodr\u00edguez.<\/p>\n","protected":false},"excerpt":{"rendered":"<p>El Club Recreativo Talense est\u00e1 preparando un gran festival de Kick Boxing y Boxeo para el pr\u00f3ximo 13 de octubre en R\u00edo Tala con varias peleas y la de fondo profesional con Miguel Correa. La velada contar\u00e1 entre otros, con Facundo Torres, Bruno Vera, Jos\u00e9 Villalba, \u00c1lvaro Cardoso y Uriel Ferreyra (todos de la escuela [&hellip;]<\/p>\n","protected":false},"author":4,"featured_media":5515,"comment_status":"open","ping_status":"closed","sticky":false,"template":"","format":"standard","meta":{"om_disable_all_campaigns":false,"_jetpack_memberships_contains_paid_content":false,"footnotes":""},"categories":[5],"tags":[],"class_list":["post-40638","post","type-post","status-publish","format-standard","has-post-thumbnail","hentry","category-deportes"],"aioseo_notices":[],"gutentor_comment":0,"jetpack_featured_media_url":"https:\/\/eldiariodesanpedro.com.ar\/sitio\/wp-content\/uploads\/2016\/06\/boxeo.jpg","jetpack_shortlink":"https:\/\/wp.me\/p6RhLt-azs","jetpack_sharing_enabled":true,"_links":{"self":[{"href":"https:\/\/eldiariodesanpedro.com.ar\/sitio\/wp-json\/wp\/v2\/posts\/40638","targetHints":{"allow":["GET"]}}],"collection":[{"href":"https:\/\/eldiariodesanpedro.com.ar\/sitio\/wp-json\/wp\/v2\/posts"}],"about":[{"href":"https:\/\/eldiariodesanpedro.com.ar\/sitio\/wp-json\/wp\/v2\/types\/post"}],"author":[{"embeddable":true,"href":"https:\/\/eldiariodesanpedro.com.ar\/sitio\/wp-json\/wp\/v2\/users\/4"}],"replies":[{"embeddable":true,"href":"https:\/\/eldiariodesanpedro.com.ar\/sitio\/wp-json\/wp\/v2\/comments?post=40638"}],"version-history":[{"count":2,"href":"https:\/\/eldiariodesanpedro.com.ar\/sitio\/wp-json\/wp\/v2\/posts\/40638\/revisions"}],"predecessor-version":[{"id":40642,"href":"https:\/\/eldiariodesanpedro.com.ar\/sitio\/wp-json\/wp\/v2\/posts\/40638\/revisions\/40642"}],"wp:featuredmedia":[{"embeddable":true,"href":"https:\/\/eldiariodesanpedro.com.ar\/sitio\/wp-json\/wp\/v2\/media\/5515"}],"wp:attachment":[{"href":"https:\/\/eldiariodesanpedro.com.ar\/sitio\/wp-json\/wp\/v2\/media?parent=40638"}],"wp:term":[{"taxonomy":"category","embeddable":true,"href":"https:\/\/eldiariodesanpedro.com.ar\/sitio\/wp-json\/wp\/v2\/categories?post=40638"},{"taxonomy":"post_tag","embeddable":true,"href":"https:\/\/eldiariodesanpedro.com.ar\/sitio\/wp-json\/wp\/v2\/tags?post=40638"}],"curies":[{"name":"wp","href":"https:\/\/api.w.org\/{rel}","templated":true}]}}