{"id":40631,"date":"2018-09-20T20:38:54","date_gmt":"2018-09-20T23:38:54","guid":{"rendered":"https:\/\/eldiariodesanpedro.com.ar\/sitio\/?p=40631"},"modified":"2026-01-24T00:10:51","modified_gmt":"2026-01-24T03:10:51","slug":"circulo-de-periodistas-las-distinciones-del-cpdsp-pasan-para-el-viernes-28","status":"publish","type":"post","link":"https:\/\/eldiariodesanpedro.com.ar\/sitio\/circulo-de-periodistas-las-distinciones-del-cpdsp-pasan-para-el-viernes-28\/","title":{"rendered":"C\u00edrculo de Periodistas: Las distinciones del CPDSP pasan para el viernes 28"},"content":{"rendered":"<p><!-- VideographyWP Plugin Message: Automatic video embedding prevented by plugin options. --><br \/>\n  El C\u00edrculo de Periodistas Deportivos de San Pedro informa que la entrega de distinciones por razones de fuerza mayor se reprograma para el viernes 28.<br \/>\n  Una nueva entrega de distinciones por parte del C\u00edrculo de Periodistas Deportivos de San Pedro se llevar\u00e1 a cabo y est\u00e1 anunciado para el viernes 28 en el local de la Liga.<\/p>\n<p>Pat\u00edn Art\u00edstico: Emilio Molhinger \u2013 M\u00eda Pereyra \u2013 Serena M\u00fa\u00f1oz<br \/>\nNataci\u00f3n: Pedro Adrover \u2013 Candela Raviola<br \/>\nU15 y 1ra. B\u00e1squet N\u00e1utico<br \/>\nPat\u00edn Carrera: Magdalena Bustos<br \/>\nEsgrima: Ciro Olivieri y Mariano Ducau<\/p>\n","protected":false},"excerpt":{"rendered":"<p>El C\u00edrculo de Periodistas Deportivos de San Pedro informa que la entrega de distinciones por razones de fuerza mayor se reprograma para el viernes 28. Una nueva entrega de distinciones por parte del C\u00edrculo de Periodistas Deportivos de San Pedro se llevar\u00e1 a cabo y est\u00e1 anunciado para el viernes 28 en el local de [&hellip;]<\/p>\n","protected":false},"author":4,"featured_media":4746,"comment_status":"open","ping_status":"closed","sticky":false,"template":"","format":"standard","meta":{"om_disable_all_campaigns":false,"_jetpack_memberships_contains_paid_content":false,"footnotes":""},"categories":[5],"tags":[],"class_list":["post-40631","post","type-post","status-publish","format-standard","has-post-thumbnail","hentry","category-deportes"],"aioseo_notices":[],"gutentor_comment":0,"jetpack_featured_media_url":"https:\/\/eldiariodesanpedro.com.ar\/sitio\/wp-content\/uploads\/2016\/05\/circulo.jpg","jetpack_shortlink":"https:\/\/wp.me\/p6RhLt-azl","jetpack_sharing_enabled":true,"_links":{"self":[{"href":"https:\/\/eldiariodesanpedro.com.ar\/sitio\/wp-json\/wp\/v2\/posts\/40631","targetHints":{"allow":["GET"]}}],"collection":[{"href":"https:\/\/eldiariodesanpedro.com.ar\/sitio\/wp-json\/wp\/v2\/posts"}],"about":[{"href":"https:\/\/eldiariodesanpedro.com.ar\/sitio\/wp-json\/wp\/v2\/types\/post"}],"author":[{"embeddable":true,"href":"https:\/\/eldiariodesanpedro.com.ar\/sitio\/wp-json\/wp\/v2\/users\/4"}],"replies":[{"embeddable":true,"href":"https:\/\/eldiariodesanpedro.com.ar\/sitio\/wp-json\/wp\/v2\/comments?post=40631"}],"version-history":[{"count":1,"href":"https:\/\/eldiariodesanpedro.com.ar\/sitio\/wp-json\/wp\/v2\/posts\/40631\/revisions"}],"predecessor-version":[{"id":40637,"href":"https:\/\/eldiariodesanpedro.com.ar\/sitio\/wp-json\/wp\/v2\/posts\/40631\/revisions\/40637"}],"wp:featuredmedia":[{"embeddable":true,"href":"https:\/\/eldiariodesanpedro.com.ar\/sitio\/wp-json\/wp\/v2\/media\/4746"}],"wp:attachment":[{"href":"https:\/\/eldiariodesanpedro.com.ar\/sitio\/wp-json\/wp\/v2\/media?parent=40631"}],"wp:term":[{"taxonomy":"category","embeddable":true,"href":"https:\/\/eldiariodesanpedro.com.ar\/sitio\/wp-json\/wp\/v2\/categories?post=40631"},{"taxonomy":"post_tag","embeddable":true,"href":"https:\/\/eldiariodesanpedro.com.ar\/sitio\/wp-json\/wp\/v2\/tags?post=40631"}],"curies":[{"name":"wp","href":"https:\/\/api.w.org\/{rel}","templated":true}]}}