{"id":40630,"date":"2018-09-20T20:36:37","date_gmt":"2018-09-20T23:36:37","guid":{"rendered":"https:\/\/eldiariodesanpedro.com.ar\/sitio\/?p=40630"},"modified":"2026-01-24T00:10:51","modified_gmt":"2026-01-24T03:10:51","slug":"torneo-sub-15-san-pedro-ganaba-2-a-0-lo-igualo-areco-y-quedamos-afuera","status":"publish","type":"post","link":"https:\/\/eldiariodesanpedro.com.ar\/sitio\/torneo-sub-15-san-pedro-ganaba-2-a-0-lo-igualo-areco-y-quedamos-afuera\/","title":{"rendered":"TORNEO SUB: 15 San Pedro ganaba 2 a 0, lo igual\u00f3 Areco y quedamos afuera"},"content":{"rendered":"<p><!-- VideographyWP Plugin Message: Automatic video embedding prevented by plugin options. --><br \/>\n  Por la sexta fecha de la etapa inicial del Nacional Sub 15 de f\u00fatbol, el seleccionado de la Liga Sampedrina viaj\u00f3 a San Antonio de Areco en busca de la clasificaci\u00f3n.<\/p>\n<p>  Lo \u00fanico que le serv\u00eda al selectivo \u201crojo y negro\u201d era ganar, para ello el t\u00e9cnico puso en cancha un equipo ofensivo. Con mejor juego pudo abrir el marcador r\u00e1pidamente tras el tanto de Manuel Palavecino y con el 1 a 0 se fue al descanso.  Ya en el complemento pudo aumentar a trav\u00e9s de Cabrera y alimentaba esperanza de pasar de ronda, pero un flojo desempe\u00f1o de la terna de Z\u00e1rate y descuido defensivo llev\u00f3 al local a la igualdad.<\/p>\n<p>  San Pedro cont\u00f3 con varias chances, entre el arquero y el palo se lo negaron y clasific\u00f3 SADA que junto a Pergamino estar\u00e1n en pr\u00f3xima fase. San Pedro termina el certamen con cuatro empates, una victoria y una derrota. Habr\u00e1 que esperar a 2019 para buscar la revancha.<\/p>\n<p>  San Pedro alist\u00f3 a Azimonti, Tod\u00f3n, Parra, Abraham, Novaro, Zarate, Saucedo, Giolito, Palavecino, Vaquero y Zapata. DT: Gerardo Biain. Relevos: Andr\u00e9s Biain, Fern\u00e1ndez, Ram\u00edrez, Corbal\u00e1n, Cabrera, Butti y Molina.<\/p>\n<p><strong>Baradero eliminado<\/strong><br \/>\n  Con el triunfo como visitante de Z\u00e1rate a San Nicol\u00e1s, qued\u00f3 eliminado el Selectivo sub 15 de la vecina ciudad. El \u00fanico gol lo marc\u00f3 Gabriel Far\u00edas, quedando la tabla con San Nicol\u00e1s 7 puntos, Z\u00e1rate 6 y Baradero 4.<\/p>\n","protected":false},"excerpt":{"rendered":"<p>Por la sexta fecha de la etapa inicial del Nacional Sub 15 de f\u00fatbol, el seleccionado de la Liga Sampedrina viaj\u00f3 a San Antonio de Areco en busca de la clasificaci\u00f3n. Lo \u00fanico que le serv\u00eda al selectivo \u201crojo y negro\u201d era ganar, para ello el t\u00e9cnico puso en cancha un equipo ofensivo. Con mejor [&hellip;]<\/p>\n","protected":false},"author":4,"featured_media":40634,"comment_status":"open","ping_status":"closed","sticky":false,"template":"","format":"standard","meta":{"om_disable_all_campaigns":false,"_jetpack_memberships_contains_paid_content":false,"footnotes":""},"categories":[5],"tags":[],"class_list":["post-40630","post","type-post","status-publish","format-standard","has-post-thumbnail","hentry","category-deportes"],"aioseo_notices":[],"gutentor_comment":0,"jetpack_featured_media_url":"https:\/\/eldiariodesanpedro.com.ar\/sitio\/wp-content\/uploads\/2018\/09\/liga-san-pedro-sub-15.jpg","jetpack_shortlink":"https:\/\/wp.me\/p6RhLt-azk","jetpack_sharing_enabled":true,"_links":{"self":[{"href":"https:\/\/eldiariodesanpedro.com.ar\/sitio\/wp-json\/wp\/v2\/posts\/40630","targetHints":{"allow":["GET"]}}],"collection":[{"href":"https:\/\/eldiariodesanpedro.com.ar\/sitio\/wp-json\/wp\/v2\/posts"}],"about":[{"href":"https:\/\/eldiariodesanpedro.com.ar\/sitio\/wp-json\/wp\/v2\/types\/post"}],"author":[{"embeddable":true,"href":"https:\/\/eldiariodesanpedro.com.ar\/sitio\/wp-json\/wp\/v2\/users\/4"}],"replies":[{"embeddable":true,"href":"https:\/\/eldiariodesanpedro.com.ar\/sitio\/wp-json\/wp\/v2\/comments?post=40630"}],"version-history":[{"count":1,"href":"https:\/\/eldiariodesanpedro.com.ar\/sitio\/wp-json\/wp\/v2\/posts\/40630\/revisions"}],"predecessor-version":[{"id":40636,"href":"https:\/\/eldiariodesanpedro.com.ar\/sitio\/wp-json\/wp\/v2\/posts\/40630\/revisions\/40636"}],"wp:featuredmedia":[{"embeddable":true,"href":"https:\/\/eldiariodesanpedro.com.ar\/sitio\/wp-json\/wp\/v2\/media\/40634"}],"wp:attachment":[{"href":"https:\/\/eldiariodesanpedro.com.ar\/sitio\/wp-json\/wp\/v2\/media?parent=40630"}],"wp:term":[{"taxonomy":"category","embeddable":true,"href":"https:\/\/eldiariodesanpedro.com.ar\/sitio\/wp-json\/wp\/v2\/categories?post=40630"},{"taxonomy":"post_tag","embeddable":true,"href":"https:\/\/eldiariodesanpedro.com.ar\/sitio\/wp-json\/wp\/v2\/tags?post=40630"}],"curies":[{"name":"wp","href":"https:\/\/api.w.org\/{rel}","templated":true}]}}