{"id":40629,"date":"2018-09-20T20:36:05","date_gmt":"2018-09-20T23:36:05","guid":{"rendered":"https:\/\/eldiariodesanpedro.com.ar\/sitio\/?p=40629"},"modified":"2026-01-24T00:10:51","modified_gmt":"2026-01-24T03:10:51","slug":"torneo-sub-13-independencia-logro-un-gran-triunfo-en-pergamino","status":"publish","type":"post","link":"https:\/\/eldiariodesanpedro.com.ar\/sitio\/torneo-sub-13-independencia-logro-un-gran-triunfo-en-pergamino\/","title":{"rendered":"TORNEO SUB 13: Independencia logr\u00f3 un gran triunfo en Pergamino"},"content":{"rendered":"<p><!-- VideographyWP Plugin Message: Automatic video embedding prevented by plugin options. --><br \/>\nFue el debut de los chicos de Independencia FC, campeones locales, en el torneo que organiza Federaci\u00f3n Norte de F\u00fatbol a nivel clubes. 32 equipos de 15 ligas participan del certamen, jugando el de San pedro en la zona B junto a regatas y Somisa de San Nicol\u00e1s y a su vencido Douglas Haig de Pergamino.<br \/>\n  En la primera participaci\u00f3n en un certamen regional a nivel clubes juveniles, Independencia FC visit\u00f3 a Douglas Haig en Pergamino en el inicio del Torneo Sub 13.<br \/>\n  Fue con triunfo 4 a 3 en un partidazo. Lo ganaba el equipo de San Pedro 2 a 0 y el local logr\u00f3 la igualdad, luego pudo \u201cEncia\u201d marcar nuevamente para sacar una diferencia m\u00ednima.<br \/>\n  Los goles fueron marcados por Juan Lazzari, Agust\u00edn Chavarria y Santino Montenegro para el \u201cFogonero\u201d, mientras que Israel Melgar en dos ocasiones, Rodrigo Porcel y Benjam\u00edn Leiva.<br \/>\n  En el otro partido de la zona, Regatas venci\u00f3 a Somisa 2 a 1 y el \u201cN\u00e1utico\u201d es el pr\u00f3ximo rival de los sampedrinos. Independencia jugar\u00e1 tres partidos seguidos como local; Regatas, Somisa y Douglas.<br \/>\n   Independencia FC form\u00f3 con: Alderete, Soto, Posadas, Brienza, Moyano, Leiva, Melgar, Fern\u00e1ndez, Rufach, Abaca y Porcell. DT: Mauro Sandoval. AC: Edgardo Brienza. Relevos: Dom\u00ednguez, Kloster, Balbuena y Cejas.<\/p>\n<p><img decoding=\"async\" data-attachment-id=\"40633\" data-permalink=\"https:\/\/eldiariodesanpedro.com.ar\/sitio\/torneo-sub-13-independencia-logro-un-gran-triunfo-en-pergamino\/el-festejo-de-los-chicos-de-san-pedro-2\/\" data-orig-file=\"https:\/\/eldiariodesanpedro.com.ar\/sitio\/wp-content\/uploads\/2018\/09\/El-festejo-de-los-chicos-de-San-Pedro.jpg\" data-orig-size=\"540,711\" data-comments-opened=\"1\" data-image-meta=\"{&quot;aperture&quot;:&quot;0&quot;,&quot;credit&quot;:&quot;&quot;,&quot;camera&quot;:&quot;&quot;,&quot;caption&quot;:&quot;&quot;,&quot;created_timestamp&quot;:&quot;0&quot;,&quot;copyright&quot;:&quot;&quot;,&quot;focal_length&quot;:&quot;0&quot;,&quot;iso&quot;:&quot;0&quot;,&quot;shutter_speed&quot;:&quot;0&quot;,&quot;title&quot;:&quot;&quot;,&quot;orientation&quot;:&quot;0&quot;}\" data-image-title=\"El festejo de los chicos de San Pedro\" data-image-description=\"\" data-image-caption=\"\" data-large-file=\"https:\/\/eldiariodesanpedro.com.ar\/sitio\/wp-content\/uploads\/2018\/09\/El-festejo-de-los-chicos-de-San-Pedro.jpg\" data-src=\"https:\/\/eldiariodesanpedro.com.ar\/sitio\/wp-content\/uploads\/2018\/09\/El-festejo-de-los-chicos-de-San-Pedro.jpg\" alt=\"\" width=\"540\" height=\"711\" class=\"alignnone size-full wp-image-40633 lazyload\" data-srcset=\"https:\/\/eldiariodesanpedro.com.ar\/sitio\/wp-content\/uploads\/2018\/09\/El-festejo-de-los-chicos-de-San-Pedro.jpg 540w, https:\/\/eldiariodesanpedro.com.ar\/sitio\/wp-content\/uploads\/2018\/09\/El-festejo-de-los-chicos-de-San-Pedro-228x300.jpg 228w\" data-sizes=\"(max-width: 540px) 100vw, 540px\" src=\"data:image\/svg+xml;base64,PHN2ZyB3aWR0aD0iMSIgaGVpZ2h0PSIxIiB4bWxucz0iaHR0cDovL3d3dy53My5vcmcvMjAwMC9zdmciPjwvc3ZnPg==\" style=\"--smush-placeholder-width: 540px; --smush-placeholder-aspect-ratio: 540\/711;\" \/><br \/>\n<strong>El festejo de los chicos de San Pedro<\/strong><\/p>\n","protected":false},"excerpt":{"rendered":"<p>Fue el debut de los chicos de Independencia FC, campeones locales, en el torneo que organiza Federaci\u00f3n Norte de F\u00fatbol a nivel clubes. 32 equipos de 15 ligas participan del certamen, jugando el de San pedro en la zona B junto a regatas y Somisa de San Nicol\u00e1s y a su vencido Douglas Haig de [&hellip;]<\/p>\n","protected":false},"author":4,"featured_media":40632,"comment_status":"open","ping_status":"closed","sticky":false,"template":"","format":"standard","meta":{"om_disable_all_campaigns":false,"_jetpack_memberships_contains_paid_content":false,"footnotes":""},"categories":[5],"tags":[],"class_list":["post-40629","post","type-post","status-publish","format-standard","has-post-thumbnail","hentry","category-deportes"],"aioseo_notices":[],"gutentor_comment":0,"jetpack_featured_media_url":"https:\/\/eldiariodesanpedro.com.ar\/sitio\/wp-content\/uploads\/2018\/09\/La-formaci\u00f3n-de-Independencia-en-el-debut.jpg","jetpack_shortlink":"https:\/\/wp.me\/p6RhLt-azj","jetpack_sharing_enabled":true,"_links":{"self":[{"href":"https:\/\/eldiariodesanpedro.com.ar\/sitio\/wp-json\/wp\/v2\/posts\/40629","targetHints":{"allow":["GET"]}}],"collection":[{"href":"https:\/\/eldiariodesanpedro.com.ar\/sitio\/wp-json\/wp\/v2\/posts"}],"about":[{"href":"https:\/\/eldiariodesanpedro.com.ar\/sitio\/wp-json\/wp\/v2\/types\/post"}],"author":[{"embeddable":true,"href":"https:\/\/eldiariodesanpedro.com.ar\/sitio\/wp-json\/wp\/v2\/users\/4"}],"replies":[{"embeddable":true,"href":"https:\/\/eldiariodesanpedro.com.ar\/sitio\/wp-json\/wp\/v2\/comments?post=40629"}],"version-history":[{"count":1,"href":"https:\/\/eldiariodesanpedro.com.ar\/sitio\/wp-json\/wp\/v2\/posts\/40629\/revisions"}],"predecessor-version":[{"id":40635,"href":"https:\/\/eldiariodesanpedro.com.ar\/sitio\/wp-json\/wp\/v2\/posts\/40629\/revisions\/40635"}],"wp:featuredmedia":[{"embeddable":true,"href":"https:\/\/eldiariodesanpedro.com.ar\/sitio\/wp-json\/wp\/v2\/media\/40632"}],"wp:attachment":[{"href":"https:\/\/eldiariodesanpedro.com.ar\/sitio\/wp-json\/wp\/v2\/media?parent=40629"}],"wp:term":[{"taxonomy":"category","embeddable":true,"href":"https:\/\/eldiariodesanpedro.com.ar\/sitio\/wp-json\/wp\/v2\/categories?post=40629"},{"taxonomy":"post_tag","embeddable":true,"href":"https:\/\/eldiariodesanpedro.com.ar\/sitio\/wp-json\/wp\/v2\/tags?post=40629"}],"curies":[{"name":"wp","href":"https:\/\/api.w.org\/{rel}","templated":true}]}}