{"id":40605,"date":"2018-09-20T17:22:26","date_gmt":"2018-09-20T20:22:26","guid":{"rendered":"https:\/\/eldiariodesanpedro.com.ar\/sitio\/?p=40605"},"modified":"2018-09-20T17:22:26","modified_gmt":"2018-09-20T20:22:26","slug":"intervenciones-operativos-de-control-y-prevencion","status":"publish","type":"post","link":"https:\/\/eldiariodesanpedro.com.ar\/sitio\/intervenciones-operativos-de-control-y-prevencion\/","title":{"rendered":"Intervenciones, operativos de control y prevenci\u00f3n"},"content":{"rendered":"<p><!-- VideographyWP Plugin Message: Automatic video embedding prevented by plugin options. --><br \/>\nLa Secretar\u00eda de Seguridad de la Municipalidad de San Pedro contin\u00faa con los operativos de control en diferentes zonas de la ciudad con el apoyo de personal de la comisaria, Polic\u00eda Local y GAD.  <\/p>\n<p>Con un diagrama especial de \u00abblindaje\u00bb los efectivos realizan controles de documentaci\u00f3n y cumplimiento de normas en ciclomotores y veh\u00edculos. Las tareas se extienden tambi\u00e9n a los accesos de la ciudad y con puntos fijos y m\u00f3viles que permiten fortalecer la tarea preventiva y las intervenciones en casos en los que sea necesario. Durante el \u00faltimo fin de semana se realizaron 57 infracciones de transito, 52 secuestros de veh\u00edculos y 9 alcoholemias positivas. Seg\u00fan cada caso se iniciaron las actuaciones correspondientes y numerosos veh\u00edculos secuestrados quedaron a disposici\u00f3n del Tribunal Municipal de Faltas.  Como ejemplo se puede destacar que en la esquina de Mitre y Boulevard Moreno en la tradicional esquina del comercio La Ensaimada se estacionan veh\u00edculos en la esquina sobre linea amarilla evitando que los colectivos de transporte urbano puedan doblar por lo que durante dos d\u00edas consecutivos se secuestraron autom\u00f3viles mal estacionado que no respetan la linea amarilla. <\/p>\n<p>Adem\u00e1s en los \u00faltimos d\u00edas tambi\u00e9n a partir del trabajo conjunto se lograron esclarecer numerosos hechos, entre ellos la detenci\u00f3n del autor del robo sufrido por la familia de uno de los trabajadores de la firma COPLAC que se encuentran a la espera de una definici\u00f3n de su situaci\u00f3n laboral ante la decisi\u00f3n de la empresa de cerrar sus puertas.<\/p>\n<p>Con relaci\u00f3n a los controles, se destaca que los mismos se mantendr\u00e1n durante los pr\u00f3ximos d\u00edas con la permanencia en puntos estrat\u00e9gicos y operativos sorpresivos. <\/p>\n","protected":false},"excerpt":{"rendered":"<p>La Secretar\u00eda de Seguridad de la Municipalidad de San Pedro contin\u00faa con los operativos de control en diferentes zonas de la ciudad con el apoyo de personal de la comisaria, Polic\u00eda Local y GAD. Con un diagrama especial de \u00abblindaje\u00bb los efectivos realizan controles de documentaci\u00f3n y cumplimiento de normas en ciclomotores y veh\u00edculos. Las [&hellip;]<\/p>\n","protected":false},"author":4,"featured_media":40607,"comment_status":"open","ping_status":"closed","sticky":false,"template":"","format":"standard","meta":{"om_disable_all_campaigns":false,"_jetpack_memberships_contains_paid_content":false,"footnotes":""},"categories":[101,2],"tags":[],"class_list":["post-40605","post","type-post","status-publish","format-standard","has-post-thumbnail","hentry","category-interes-general-locales","category-locales"],"aioseo_notices":[],"gutentor_comment":0,"jetpack_featured_media_url":"https:\/\/eldiariodesanpedro.com.ar\/sitio\/wp-content\/uploads\/2018\/09\/20180917_203250-e1537474900534.jpg","jetpack_shortlink":"https:\/\/wp.me\/p6RhLt-ayV","jetpack_sharing_enabled":true,"_links":{"self":[{"href":"https:\/\/eldiariodesanpedro.com.ar\/sitio\/wp-json\/wp\/v2\/posts\/40605","targetHints":{"allow":["GET"]}}],"collection":[{"href":"https:\/\/eldiariodesanpedro.com.ar\/sitio\/wp-json\/wp\/v2\/posts"}],"about":[{"href":"https:\/\/eldiariodesanpedro.com.ar\/sitio\/wp-json\/wp\/v2\/types\/post"}],"author":[{"embeddable":true,"href":"https:\/\/eldiariodesanpedro.com.ar\/sitio\/wp-json\/wp\/v2\/users\/4"}],"replies":[{"embeddable":true,"href":"https:\/\/eldiariodesanpedro.com.ar\/sitio\/wp-json\/wp\/v2\/comments?post=40605"}],"version-history":[{"count":1,"href":"https:\/\/eldiariodesanpedro.com.ar\/sitio\/wp-json\/wp\/v2\/posts\/40605\/revisions"}],"predecessor-version":[{"id":40608,"href":"https:\/\/eldiariodesanpedro.com.ar\/sitio\/wp-json\/wp\/v2\/posts\/40605\/revisions\/40608"}],"wp:featuredmedia":[{"embeddable":true,"href":"https:\/\/eldiariodesanpedro.com.ar\/sitio\/wp-json\/wp\/v2\/media\/40607"}],"wp:attachment":[{"href":"https:\/\/eldiariodesanpedro.com.ar\/sitio\/wp-json\/wp\/v2\/media?parent=40605"}],"wp:term":[{"taxonomy":"category","embeddable":true,"href":"https:\/\/eldiariodesanpedro.com.ar\/sitio\/wp-json\/wp\/v2\/categories?post=40605"},{"taxonomy":"post_tag","embeddable":true,"href":"https:\/\/eldiariodesanpedro.com.ar\/sitio\/wp-json\/wp\/v2\/tags?post=40605"}],"curies":[{"name":"wp","href":"https:\/\/api.w.org\/{rel}","templated":true}]}}