{"id":40594,"date":"2018-09-20T12:23:36","date_gmt":"2018-09-20T15:23:36","guid":{"rendered":"https:\/\/eldiariodesanpedro.com.ar\/sitio\/?p=40594"},"modified":"2018-09-20T18:14:15","modified_gmt":"2018-09-20T21:14:15","slug":"arduo-trabajo-de-bomberos-para-rescatar-cachorros-bajo-la-tormenta","status":"publish","type":"post","link":"https:\/\/eldiariodesanpedro.com.ar\/sitio\/arduo-trabajo-de-bomberos-para-rescatar-cachorros-bajo-la-tormenta\/","title":{"rendered":"Arduo trabajo de Bomberos para rescatar cachorros bajo la tormenta"},"content":{"rendered":"<p><!-- VideographyWP Plugin Message: Automatic video embedding prevented by plugin options. --><br \/>\nEste martes durante la intensa tormenta, Bomberos Voluntarios se dedicaron a salvar a unos cachorros que se encontraron dentro de una alcantarilla.<\/p>\n<p>A trav\u00e9s de Facebook, una lectora de El Diario de San Pedro se comunic\u00f3 con nosotros para agradecer la labor de los rescatistas. <\/p>\n<p>El hecho ocurri\u00f3 en calle Petrona Simonino y Manuel Iglesias Bis el pasado mi\u00e9rcoles alrededor de las 00:30 en plena tormenta. Una vecina se comunic\u00f3 telef\u00f3nicamente con el cuartel de Bomberos para auxiliar a 4 cachorros que se encontraban atorados dentro de un alcantarilla. <\/p>\n<p>Seg\u00fan nos coment\u00f3 la vecina: \u00abHace mucho que vivo ac\u00e1 en el barrio y un vecino tiene una perra de la cual no se ocupa, logr\u00e9 conseguir una chica del Refugio San Pedro para poder castrarla y, cuando le coment\u00e9 al due\u00f1o me dijo que \u00e9l la llevar\u00eda, pero no lo hizo\u00bb.<\/p>\n<p>\u00abA la perra le damos de comer entre todos lo vecinos, hace 6 d\u00edas tuvo cr\u00eda en una alcantarilla que est\u00e1 ubicada en calle Petrona Simonino y Manuel Iglesias Bis. Desde que nacieron los cachorritos la perra sali\u00f3 2 veces para comer y tomar agua, pero con todo el tema de la lluvia   lloraban los cachorros, pero la perra no estaba; por eso decid\u00ed llamar a los bomberos para que me ayuden, quienes llegaron enseguida. R\u00e1pidamente se pusieron a trabajar; estuvieron tratando de sacarlos durante 1 hora. Sacaron 2 ahogados, luego tuvieron que romper la alcantarilla para rescatar al resto. Todo bajo la lluvia torrencial. Finalmente, luego de 2 horas de arduo trabajo, rescataron al \u00faltimo cachorro, al cual se llevaron ya que no localizaron a la perra\u00bb. <\/p>\n<p>\u00abLos bomberos adoptar\u00e1n a este cachorrito\u00bb.<\/p>\n<p>A pesar de no ser una gran noticia, queremos destacar la labor de los Bomberos Luis Torrens, Manu Torrens y Gabriel Caubetque que, siempre, est\u00e1n presentes cuando la sociedad los necesita y que, a\u00fan en medio de la gran tormenta decidieron poner su mejor esfuerzo para salvar a los cachorros de una perra lamentablemente abandonada.<\/p>\n<p><img decoding=\"async\" data-attachment-id=\"40600\" data-permalink=\"https:\/\/eldiariodesanpedro.com.ar\/sitio\/arduo-trabajo-de-bomberos-para-rescatar-cachorros-bajo-la-tormenta\/42206649_1880011005422859_8175768962911436800_n\/\" data-orig-file=\"https:\/\/eldiariodesanpedro.com.ar\/sitio\/wp-content\/uploads\/2018\/09\/42206649_1880011005422859_8175768962911436800_n.jpg\" data-orig-size=\"853,480\" data-comments-opened=\"1\" data-image-meta=\"{&quot;aperture&quot;:&quot;0&quot;,&quot;credit&quot;:&quot;&quot;,&quot;camera&quot;:&quot;&quot;,&quot;caption&quot;:&quot;&quot;,&quot;created_timestamp&quot;:&quot;0&quot;,&quot;copyright&quot;:&quot;&quot;,&quot;focal_length&quot;:&quot;0&quot;,&quot;iso&quot;:&quot;0&quot;,&quot;shutter_speed&quot;:&quot;0&quot;,&quot;title&quot;:&quot;&quot;,&quot;orientation&quot;:&quot;0&quot;}\" data-image-title=\"42206649_1880011005422859_8175768962911436800_n\" data-image-description=\"\" data-image-caption=\"\" data-large-file=\"https:\/\/eldiariodesanpedro.com.ar\/sitio\/wp-content\/uploads\/2018\/09\/42206649_1880011005422859_8175768962911436800_n.jpg\" data-src=\"https:\/\/eldiariodesanpedro.com.ar\/sitio\/wp-content\/uploads\/2018\/09\/42206649_1880011005422859_8175768962911436800_n.jpg\" alt=\"\" width=\"853\" height=\"480\" class=\"alignnone size-full wp-image-40600 lazyload\" data-srcset=\"https:\/\/eldiariodesanpedro.com.ar\/sitio\/wp-content\/uploads\/2018\/09\/42206649_1880011005422859_8175768962911436800_n.jpg 853w, https:\/\/eldiariodesanpedro.com.ar\/sitio\/wp-content\/uploads\/2018\/09\/42206649_1880011005422859_8175768962911436800_n-300x169.jpg 300w, https:\/\/eldiariodesanpedro.com.ar\/sitio\/wp-content\/uploads\/2018\/09\/42206649_1880011005422859_8175768962911436800_n-768x432.jpg 768w\" data-sizes=\"(max-width: 853px) 100vw, 853px\" src=\"data:image\/svg+xml;base64,PHN2ZyB3aWR0aD0iMSIgaGVpZ2h0PSIxIiB4bWxucz0iaHR0cDovL3d3dy53My5vcmcvMjAwMC9zdmciPjwvc3ZnPg==\" style=\"--smush-placeholder-width: 853px; --smush-placeholder-aspect-ratio: 853\/480;\" \/><\/p>\n<p><img decoding=\"async\" data-attachment-id=\"40598\" data-permalink=\"https:\/\/eldiariodesanpedro.com.ar\/sitio\/arduo-trabajo-de-bomberos-para-rescatar-cachorros-bajo-la-tormenta\/42182303_527743344363955_987437630167711744_n\/\" data-orig-file=\"https:\/\/eldiariodesanpedro.com.ar\/sitio\/wp-content\/uploads\/2018\/09\/42182303_527743344363955_987437630167711744_n.jpg\" data-orig-size=\"497,280\" data-comments-opened=\"1\" data-image-meta=\"{&quot;aperture&quot;:&quot;0&quot;,&quot;credit&quot;:&quot;Picasa&quot;,&quot;camera&quot;:&quot;&quot;,&quot;caption&quot;:&quot;&quot;,&quot;created_timestamp&quot;:&quot;79870676400&quot;,&quot;copyright&quot;:&quot;&quot;,&quot;focal_length&quot;:&quot;0&quot;,&quot;iso&quot;:&quot;0&quot;,&quot;shutter_speed&quot;:&quot;0&quot;,&quot;title&quot;:&quot;&quot;,&quot;orientation&quot;:&quot;0&quot;}\" data-image-title=\"42182303_527743344363955_987437630167711744_n\" data-image-description=\"\" data-image-caption=\"\" data-large-file=\"https:\/\/eldiariodesanpedro.com.ar\/sitio\/wp-content\/uploads\/2018\/09\/42182303_527743344363955_987437630167711744_n.jpg\" data-src=\"https:\/\/eldiariodesanpedro.com.ar\/sitio\/wp-content\/uploads\/2018\/09\/42182303_527743344363955_987437630167711744_n.jpg\" alt=\"\" width=\"497\" height=\"280\" class=\"alignnone size-full wp-image-40598 lazyload\" data-srcset=\"https:\/\/eldiariodesanpedro.com.ar\/sitio\/wp-content\/uploads\/2018\/09\/42182303_527743344363955_987437630167711744_n.jpg 497w, https:\/\/eldiariodesanpedro.com.ar\/sitio\/wp-content\/uploads\/2018\/09\/42182303_527743344363955_987437630167711744_n-300x169.jpg 300w\" data-sizes=\"(max-width: 497px) 100vw, 497px\" src=\"data:image\/svg+xml;base64,PHN2ZyB3aWR0aD0iMSIgaGVpZ2h0PSIxIiB4bWxucz0iaHR0cDovL3d3dy53My5vcmcvMjAwMC9zdmciPjwvc3ZnPg==\" style=\"--smush-placeholder-width: 497px; --smush-placeholder-aspect-ratio: 497\/280;\" \/><\/p>\n<p><img decoding=\"async\" data-attachment-id=\"40596\" data-permalink=\"https:\/\/eldiariodesanpedro.com.ar\/sitio\/arduo-trabajo-de-bomberos-para-rescatar-cachorros-bajo-la-tormenta\/42059172_279331119554614_7112385320129134592_n\/\" data-orig-file=\"https:\/\/eldiariodesanpedro.com.ar\/sitio\/wp-content\/uploads\/2018\/09\/42059172_279331119554614_7112385320129134592_n.jpg\" data-orig-size=\"853,480\" data-comments-opened=\"1\" data-image-meta=\"{&quot;aperture&quot;:&quot;0&quot;,&quot;credit&quot;:&quot;Picasa&quot;,&quot;camera&quot;:&quot;&quot;,&quot;caption&quot;:&quot;&quot;,&quot;created_timestamp&quot;:&quot;1537453639&quot;,&quot;copyright&quot;:&quot;&quot;,&quot;focal_length&quot;:&quot;0&quot;,&quot;iso&quot;:&quot;0&quot;,&quot;shutter_speed&quot;:&quot;0&quot;,&quot;title&quot;:&quot;&quot;,&quot;orientation&quot;:&quot;0&quot;}\" data-image-title=\"42059172_279331119554614_7112385320129134592_n\" data-image-description=\"\" data-image-caption=\"\" data-large-file=\"https:\/\/eldiariodesanpedro.com.ar\/sitio\/wp-content\/uploads\/2018\/09\/42059172_279331119554614_7112385320129134592_n.jpg\" data-src=\"https:\/\/eldiariodesanpedro.com.ar\/sitio\/wp-content\/uploads\/2018\/09\/42059172_279331119554614_7112385320129134592_n.jpg\" alt=\"\" width=\"853\" height=\"480\" class=\"alignnone size-full wp-image-40596 lazyload\" data-srcset=\"https:\/\/eldiariodesanpedro.com.ar\/sitio\/wp-content\/uploads\/2018\/09\/42059172_279331119554614_7112385320129134592_n.jpg 853w, https:\/\/eldiariodesanpedro.com.ar\/sitio\/wp-content\/uploads\/2018\/09\/42059172_279331119554614_7112385320129134592_n-300x169.jpg 300w, https:\/\/eldiariodesanpedro.com.ar\/sitio\/wp-content\/uploads\/2018\/09\/42059172_279331119554614_7112385320129134592_n-768x432.jpg 768w\" data-sizes=\"(max-width: 853px) 100vw, 853px\" src=\"data:image\/svg+xml;base64,PHN2ZyB3aWR0aD0iMSIgaGVpZ2h0PSIxIiB4bWxucz0iaHR0cDovL3d3dy53My5vcmcvMjAwMC9zdmciPjwvc3ZnPg==\" style=\"--smush-placeholder-width: 853px; --smush-placeholder-aspect-ratio: 853\/480;\" \/><\/p>\n<p><img decoding=\"async\" data-attachment-id=\"40597\" data-permalink=\"https:\/\/eldiariodesanpedro.com.ar\/sitio\/arduo-trabajo-de-bomberos-para-rescatar-cachorros-bajo-la-tormenta\/42112690_463527914157674_7663460217257984000_n\/\" data-orig-file=\"https:\/\/eldiariodesanpedro.com.ar\/sitio\/wp-content\/uploads\/2018\/09\/42112690_463527914157674_7663460217257984000_n.jpg\" data-orig-size=\"853,480\" data-comments-opened=\"1\" data-image-meta=\"{&quot;aperture&quot;:&quot;0&quot;,&quot;credit&quot;:&quot;&quot;,&quot;camera&quot;:&quot;&quot;,&quot;caption&quot;:&quot;&quot;,&quot;created_timestamp&quot;:&quot;0&quot;,&quot;copyright&quot;:&quot;&quot;,&quot;focal_length&quot;:&quot;0&quot;,&quot;iso&quot;:&quot;0&quot;,&quot;shutter_speed&quot;:&quot;0&quot;,&quot;title&quot;:&quot;&quot;,&quot;orientation&quot;:&quot;0&quot;}\" data-image-title=\"42112690_463527914157674_7663460217257984000_n\" data-image-description=\"\" data-image-caption=\"\" data-large-file=\"https:\/\/eldiariodesanpedro.com.ar\/sitio\/wp-content\/uploads\/2018\/09\/42112690_463527914157674_7663460217257984000_n.jpg\" data-src=\"https:\/\/eldiariodesanpedro.com.ar\/sitio\/wp-content\/uploads\/2018\/09\/42112690_463527914157674_7663460217257984000_n.jpg\" alt=\"\" width=\"853\" height=\"480\" class=\"alignnone size-full wp-image-40597 lazyload\" data-srcset=\"https:\/\/eldiariodesanpedro.com.ar\/sitio\/wp-content\/uploads\/2018\/09\/42112690_463527914157674_7663460217257984000_n.jpg 853w, https:\/\/eldiariodesanpedro.com.ar\/sitio\/wp-content\/uploads\/2018\/09\/42112690_463527914157674_7663460217257984000_n-300x169.jpg 300w, https:\/\/eldiariodesanpedro.com.ar\/sitio\/wp-content\/uploads\/2018\/09\/42112690_463527914157674_7663460217257984000_n-768x432.jpg 768w\" data-sizes=\"(max-width: 853px) 100vw, 853px\" src=\"data:image\/svg+xml;base64,PHN2ZyB3aWR0aD0iMSIgaGVpZ2h0PSIxIiB4bWxucz0iaHR0cDovL3d3dy53My5vcmcvMjAwMC9zdmciPjwvc3ZnPg==\" style=\"--smush-placeholder-width: 853px; --smush-placeholder-aspect-ratio: 853\/480;\" \/><\/p>\n<p><img decoding=\"async\" data-attachment-id=\"40599\" data-permalink=\"https:\/\/eldiariodesanpedro.com.ar\/sitio\/arduo-trabajo-de-bomberos-para-rescatar-cachorros-bajo-la-tormenta\/42183017_579253162489239_1825897520740433920_n\/\" data-orig-file=\"https:\/\/eldiariodesanpedro.com.ar\/sitio\/wp-content\/uploads\/2018\/09\/42183017_579253162489239_1825897520740433920_n-e1537477115453.jpg\" data-orig-size=\"509,280\" data-comments-opened=\"1\" data-image-meta=\"{&quot;aperture&quot;:&quot;0&quot;,&quot;credit&quot;:&quot;Picasa&quot;,&quot;camera&quot;:&quot;&quot;,&quot;caption&quot;:&quot;&quot;,&quot;created_timestamp&quot;:&quot;1537453620&quot;,&quot;copyright&quot;:&quot;&quot;,&quot;focal_length&quot;:&quot;0&quot;,&quot;iso&quot;:&quot;0&quot;,&quot;shutter_speed&quot;:&quot;0&quot;,&quot;title&quot;:&quot;&quot;,&quot;orientation&quot;:&quot;0&quot;}\" data-image-title=\"42183017_579253162489239_1825897520740433920_n\" data-image-description=\"\" data-image-caption=\"\" data-large-file=\"https:\/\/eldiariodesanpedro.com.ar\/sitio\/wp-content\/uploads\/2018\/09\/42183017_579253162489239_1825897520740433920_n-e1537477115453.jpg\" data-src=\"https:\/\/eldiariodesanpedro.com.ar\/sitio\/wp-content\/uploads\/2018\/09\/42183017_579253162489239_1825897520740433920_n-e1537477115453.jpg\" alt=\"\" width=\"509\" height=\"280\" class=\"alignnone size-full wp-image-40599 lazyload\" data-srcset=\"https:\/\/eldiariodesanpedro.com.ar\/sitio\/wp-content\/uploads\/2018\/09\/42183017_579253162489239_1825897520740433920_n-e1537477115453.jpg 509w, https:\/\/eldiariodesanpedro.com.ar\/sitio\/wp-content\/uploads\/2018\/09\/42183017_579253162489239_1825897520740433920_n-e1537477115453-300x165.jpg 300w\" data-sizes=\"(max-width: 509px) 100vw, 509px\" src=\"data:image\/svg+xml;base64,PHN2ZyB3aWR0aD0iMSIgaGVpZ2h0PSIxIiB4bWxucz0iaHR0cDovL3d3dy53My5vcmcvMjAwMC9zdmciPjwvc3ZnPg==\" style=\"--smush-placeholder-width: 509px; --smush-placeholder-aspect-ratio: 509\/280;\" \/><\/p>\n","protected":false},"excerpt":{"rendered":"<p>Este martes durante la intensa tormenta, Bomberos Voluntarios se dedicaron a salvar a unos cachorros que se encontraron dentro de una alcantarilla. A trav\u00e9s de Facebook, una lectora de El Diario de San Pedro se comunic\u00f3 con nosotros para agradecer la labor de los rescatistas. El hecho ocurri\u00f3 en calle Petrona Simonino y Manuel Iglesias [&hellip;]<\/p>\n","protected":false},"author":4,"featured_media":40595,"comment_status":"open","ping_status":"closed","sticky":false,"template":"","format":"standard","meta":{"om_disable_all_campaigns":false,"_jetpack_memberships_contains_paid_content":false,"footnotes":""},"categories":[101,2],"tags":[],"class_list":["post-40594","post","type-post","status-publish","format-standard","has-post-thumbnail","hentry","category-interes-general-locales","category-locales"],"aioseo_notices":[],"gutentor_comment":0,"jetpack_featured_media_url":"https:\/\/eldiariodesanpedro.com.ar\/sitio\/wp-content\/uploads\/2018\/09\/42128768_267025723935609_407980262001999872_n.jpg","jetpack_shortlink":"https:\/\/wp.me\/p6RhLt-ayK","jetpack_sharing_enabled":true,"_links":{"self":[{"href":"https:\/\/eldiariodesanpedro.com.ar\/sitio\/wp-json\/wp\/v2\/posts\/40594","targetHints":{"allow":["GET"]}}],"collection":[{"href":"https:\/\/eldiariodesanpedro.com.ar\/sitio\/wp-json\/wp\/v2\/posts"}],"about":[{"href":"https:\/\/eldiariodesanpedro.com.ar\/sitio\/wp-json\/wp\/v2\/types\/post"}],"author":[{"embeddable":true,"href":"https:\/\/eldiariodesanpedro.com.ar\/sitio\/wp-json\/wp\/v2\/users\/4"}],"replies":[{"embeddable":true,"href":"https:\/\/eldiariodesanpedro.com.ar\/sitio\/wp-json\/wp\/v2\/comments?post=40594"}],"version-history":[{"count":4,"href":"https:\/\/eldiariodesanpedro.com.ar\/sitio\/wp-json\/wp\/v2\/posts\/40594\/revisions"}],"predecessor-version":[{"id":40610,"href":"https:\/\/eldiariodesanpedro.com.ar\/sitio\/wp-json\/wp\/v2\/posts\/40594\/revisions\/40610"}],"wp:featuredmedia":[{"embeddable":true,"href":"https:\/\/eldiariodesanpedro.com.ar\/sitio\/wp-json\/wp\/v2\/media\/40595"}],"wp:attachment":[{"href":"https:\/\/eldiariodesanpedro.com.ar\/sitio\/wp-json\/wp\/v2\/media?parent=40594"}],"wp:term":[{"taxonomy":"category","embeddable":true,"href":"https:\/\/eldiariodesanpedro.com.ar\/sitio\/wp-json\/wp\/v2\/categories?post=40594"},{"taxonomy":"post_tag","embeddable":true,"href":"https:\/\/eldiariodesanpedro.com.ar\/sitio\/wp-json\/wp\/v2\/tags?post=40594"}],"curies":[{"name":"wp","href":"https:\/\/api.w.org\/{rel}","templated":true}]}}