{"id":40591,"date":"2018-09-20T10:41:11","date_gmt":"2018-09-20T13:41:11","guid":{"rendered":"https:\/\/eldiariodesanpedro.com.ar\/sitio\/?p=40591"},"modified":"2018-09-20T10:41:11","modified_gmt":"2018-09-20T13:41:11","slug":"mas-de-170-representantes-en-los-juegos-bonaerenses-a-realizarse-en-mar-del-plata","status":"publish","type":"post","link":"https:\/\/eldiariodesanpedro.com.ar\/sitio\/mas-de-170-representantes-en-los-juegos-bonaerenses-a-realizarse-en-mar-del-plata\/","title":{"rendered":"M\u00e1s de 170 representantes en los Juegos Bonaerenses a realizarse en Mar del Plata"},"content":{"rendered":"<p><!-- VideographyWP Plugin Message: Automatic video embedding prevented by plugin options. --><br \/>\nLa delegaci\u00f3n sampedrina que partir\u00e1 a Mar del Plata el viernes 28 de septiembre a la medianoche para la final provincial de los Juegos Bonaerenses contar\u00e1 con 180 representantes entre j\u00f3venes y adultos, clasificados en deportes y cultura. Luego de sortear la etapa local y la regional, San Pedro vuelve a tener una presencia muy destacada. La final provincial se desarrollar\u00e1 entre el 29 septiembre y 3 de octubre. <\/p>\n<p>El lunes 24 a las 21 hs. en el Sal\u00f3n Dorado ser\u00e1 la reuni\u00f3n donde se brindar\u00e1n todos los detalles del viaje, especialmente para las familias de los j\u00f3venes que tendr\u00e1n esta gran experiencia.<\/p>\n<p>Los clasificados son:<\/p>\n<p>H\u00e1ndball Categor\u00eda Sub 14 Escolar no Federado: Santiago P\u00e9rez, Manuel S\u00e1nchez, Valent\u00edn Ortiz, Federico Laurino, Mateo Guerrero, Faramir Zawadski. Joaqu\u00edn Vell\u00f3n. Agust\u00edn Mobiglia. Nehuen Scarmozzino. DT: Juan Ignacio Franzoia<\/p>\n<p>H\u00e1ndball Categor\u00eda Sub 16 Escolar Abierto: Thomas Nakama.. Alejo Mitidieri. Geronimo Comba. Martin Zubilivia. Mateo Rodr\u00edguez. Fausto Oliver .Valentino Fauro. I\u00f1aki  Gamietea. Luis Derita. DT: Juan Ignacio Franzoia <\/p>\n<p>Rugby Categor\u00eda Sub 16 Libre Juan Cruz Varela. Aramis Schnidrit. Pehuen Bonilla. Kevin Alarc\u00f3n, Benjam\u00edn Olivero, Esteve Nicol\u00e1s. Raillon Jorge. Ragmonino Juan, Avalos Juli\u00e1n. Domenicone Bautista. Araujo Nahuel. Abeledo Francisco. DT: Ragmonino Juan Martin<\/p>\n<p>B\u00e1squet Categoria Sub 13 Escolar Abierto Felipe Sagasta. Alesandro Garabaglia. Valentin Austin. Juan martin S\u00e1nchez. Juan Sebasti\u00e1n Olivieri. Thiago Juan Bennazzar.Gaston Oliva. Nicolas Torigiani. Benjamin Terre. Juan Luscanzelli. DT: Marcos Terre.<\/p>\n<p>Futsal Categoria Sub 16 Escolar Abierto Alex Rodriguez. Enzo Carrera. Yerimen Sacca. Maximiliano Pereyra. Alvaro Carmona. Lautaro Varela. Valentin Aranda. Tomas Dom\u00ednguez. Mateo Oliveto. Santiago Ape. Gaspar Salaberry. DT: Pablo Velo<\/p>\n<p>Futsal Categor\u00eda Sub 18 Escolar Abierto Agust\u00edn Calabressi. Sebasti\u00e1n Vel\u00e1zquez. Lisandro Lafalce. Mat\u00edas Bard. Martin Perticarari. Santiago O\u00f1a. Alex Leone. Tobias Bonvissuto. Pedro Ortiz. Ignacio Pardo. Lucas Garc\u00eda. Alvaro Garcia. DT: Pablo Velo<\/p>\n<p>Futbol 7 Femenino Categor\u00eda Sub 18 Libre Micaela Olmos. Rocio Villanueva. Alumine Reynoso. Yaquelin Marsico. Emilia Noceda. Antonella Aquino. Florencia Castro. Belen Romero. Agustina S\u00e1nchez. Milagros Actis. DT: Jesica Molina<\/p>\n<p>Voleibol Categor\u00eda Sub 15 Libre M\u00e1ximo Dom\u00ednguez. Nazareno Massaglia. Amadeo Torre Figueroa. Martin Mantovani. Santiago Repetti. Rafael P\u00e9rez. Sim\u00f3n Paradela. Mateo Cejas. Jos\u00e9 Becerro. Joaqu\u00edn Chediak. DT: Bonvissuto Federico<\/p>\n<p>Softbol Femenino Categor\u00eda Sub 14 Escolar no Federado Angeles Aballay. Valentina Franco. Belinda Varela. Evelyn Corvalan. Maria Victoria Duran. Maria Sol Chiarella. Rosario Gorosito. Justine Diaz. Emilia Vetta. Fiorella Villarruel. Mia Ruiz. DT: Andr\u00e9s Maneiro<\/p>\n<p>Hockey Categor\u00eda Sub 16 Libre Luz Basante. Ema Diaz. Micaela Garcia. Pilar Hera. Valentina Maggio. Victoria Masane. Camila Prieto. Alba Correa. Pilar Zarzecki. Tatiana Tosso. DT: Longueira Cecilia<\/p>\n<p>Adultos Mayores Tenis de mesa: Amalia Coronel. Jorge BigliaTejo: Brescasin Edgardo. Domingo Magione<\/p>\n<p>Pat\u00edn Sof\u00eda Baca. Ana Gamietea. Natacha Salazar. DT: Karina Ruiz<\/p>\n<p>Nataci\u00f3n Abril Guti\u00e9rrez. Valent\u00edn Melgar. Juan Bautista Hern\u00e1ndez. DT: Daniela Villa<\/p>\n<p>Canotaje Juli\u00e1n S\u00e1nchez Negrete. Lucia Oviedo DT: Gast\u00f3n Ortiz<\/p>\n<p>Tenis doble Franco Pe\u00f1a. Luciano Vell\u00f3n DT: Diamela Baronguele<\/p>\n<p>Surf: Luciana Laiseca DT: Sandra Franchini. Agust\u00edn Malacalza DT: Marisa Toscanini<\/p>\n<p>Tenis de Mesa Mailen Pancirolli DT: Agustina Dalinger<\/p>\n<p>Futbol PCD Agust\u00edn Anco. Luciano Cabrera. Oscar Sandoval. Facundo Bustos. Lautaro R\u00edos. Leoncio L\u00f3pez Lencina. Leandro Aquino.<\/p>\n<p>Futbol PCD Femenino Victoria Navarro. Mar\u00eda Leguizam\u00f3n. Pamela Ruiz. Yamila Dom\u00ednguez. Rita C\u00e1ceres. Milagros Mart\u00ednez. Milagros Mart\u00ednez<\/p>\n<p>Atletismo PCD Brisa Cocozzo. Cecilia Noriega. Camila Manchone. Kevin G\u00f3mez Santiago G\u00f3mez. Martina Maro\u00f1o<\/p>\n<p>Atletismo Convencional Florencia Alvarez. Milagros Tagliatore. Marilyn Barreto. Brenda Acevedo. Abril Vel\u00e1zquez.<br \/>\nSof\u00eda Casco. Luna S\u00e1nchez. DT: Fernando Fontela<\/p>\n<p>Cultura: Martina Depaoli. Lihuel Gatica. Dagoberto Ortiz. <\/p>\n","protected":false},"excerpt":{"rendered":"<p>La delegaci\u00f3n sampedrina que partir\u00e1 a Mar del Plata el viernes 28 de septiembre a la medianoche para la final provincial de los Juegos Bonaerenses contar\u00e1 con 180 representantes entre j\u00f3venes y adultos, clasificados en deportes y cultura. Luego de sortear la etapa local y la regional, San Pedro vuelve a tener una presencia muy [&hellip;]<\/p>\n","protected":false},"author":4,"featured_media":40592,"comment_status":"open","ping_status":"closed","sticky":false,"template":"","format":"standard","meta":{"om_disable_all_campaigns":false,"_jetpack_memberships_contains_paid_content":false,"footnotes":""},"categories":[101,2],"tags":[],"class_list":["post-40591","post","type-post","status-publish","format-standard","has-post-thumbnail","hentry","category-interes-general-locales","category-locales"],"aioseo_notices":[],"gutentor_comment":0,"jetpack_featured_media_url":"https:\/\/eldiariodesanpedro.com.ar\/sitio\/wp-content\/uploads\/2018\/09\/juegos-bonaerenses.jpg","jetpack_shortlink":"https:\/\/wp.me\/p6RhLt-ayH","jetpack_sharing_enabled":true,"_links":{"self":[{"href":"https:\/\/eldiariodesanpedro.com.ar\/sitio\/wp-json\/wp\/v2\/posts\/40591","targetHints":{"allow":["GET"]}}],"collection":[{"href":"https:\/\/eldiariodesanpedro.com.ar\/sitio\/wp-json\/wp\/v2\/posts"}],"about":[{"href":"https:\/\/eldiariodesanpedro.com.ar\/sitio\/wp-json\/wp\/v2\/types\/post"}],"author":[{"embeddable":true,"href":"https:\/\/eldiariodesanpedro.com.ar\/sitio\/wp-json\/wp\/v2\/users\/4"}],"replies":[{"embeddable":true,"href":"https:\/\/eldiariodesanpedro.com.ar\/sitio\/wp-json\/wp\/v2\/comments?post=40591"}],"version-history":[{"count":1,"href":"https:\/\/eldiariodesanpedro.com.ar\/sitio\/wp-json\/wp\/v2\/posts\/40591\/revisions"}],"predecessor-version":[{"id":40593,"href":"https:\/\/eldiariodesanpedro.com.ar\/sitio\/wp-json\/wp\/v2\/posts\/40591\/revisions\/40593"}],"wp:featuredmedia":[{"embeddable":true,"href":"https:\/\/eldiariodesanpedro.com.ar\/sitio\/wp-json\/wp\/v2\/media\/40592"}],"wp:attachment":[{"href":"https:\/\/eldiariodesanpedro.com.ar\/sitio\/wp-json\/wp\/v2\/media?parent=40591"}],"wp:term":[{"taxonomy":"category","embeddable":true,"href":"https:\/\/eldiariodesanpedro.com.ar\/sitio\/wp-json\/wp\/v2\/categories?post=40591"},{"taxonomy":"post_tag","embeddable":true,"href":"https:\/\/eldiariodesanpedro.com.ar\/sitio\/wp-json\/wp\/v2\/tags?post=40591"}],"curies":[{"name":"wp","href":"https:\/\/api.w.org\/{rel}","templated":true}]}}