{"id":40588,"date":"2018-09-20T11:52:51","date_gmt":"2018-09-20T14:52:51","guid":{"rendered":"https:\/\/eldiariodesanpedro.com.ar\/sitio\/?p=40588"},"modified":"2018-09-20T11:52:51","modified_gmt":"2018-09-20T14:52:51","slug":"reuniones-con-trabajadores-de-coplac-y-funcionarios-del-ministerio-de-trabajo-y-produccion","status":"publish","type":"post","link":"https:\/\/eldiariodesanpedro.com.ar\/sitio\/reuniones-con-trabajadores-de-coplac-y-funcionarios-del-ministerio-de-trabajo-y-produccion\/","title":{"rendered":"Reuniones con trabajadores de COPLAC y funcionarios del Ministerio de Trabajo y Producci\u00f3n"},"content":{"rendered":"<p><!-- VideographyWP Plugin Message: Automatic video embedding prevented by plugin options. --><br \/>\nEn la ma\u00f1ana de hoy el Intendente de nuestra ciudad, el Sr Cecilio Salazar, recibi\u00f3 y anunci\u00f3 las medidas que se vienen tomando desde la gesti\u00f3n a los trabajadores de COPLAC. Luego en el despacho del Secretario de Gobierno Silvio Corti y el Subsecretario de Desarrollo Econ\u00f3mico Alfredo Camilletti desarrollaron una reuni\u00f3n junto a la delegaci\u00f3n de trabajadores de COPLAC y a su abogado Dr. Carlos Casini para acompa\u00f1ar la llegada del Lic. Ramiro Illia, Gerente de la Oficina de Empleo y Trabajo de la Regi\u00f3n de San Nicol\u00e1s dependiente del Ministerio de Trabajo y Producci\u00f3n de la Naci\u00f3n.<\/p>\n<p> En la charla expusieron los detalles de la situaci\u00f3n de cierre definitivo de la empresa anunciada por su propietario ante las gestiones realizadas por el Intendente Salazar. M\u00e1s all\u00e1 de que contin\u00faan contactos para buscar alternativas que reviertan este panorama, a trav\u00e9s del funcionario que lleg\u00f3 a San Pedro ha comenzado una intervenci\u00f3n del ministerio para generarles a los trabajadores la cobertura y el acompa\u00f1amiento que puedan ayudarlos a sobrellevar este dif\u00edcil momento.<\/p>\n<p>Se iniciar\u00e1n los tr\u00e1mites ante el ANSES para que se active a la brevedad el cobro del seguro de desempleo y que pasen a integrar la poblaci\u00f3n que cuenta con la cobertura de los programas y herramientas que tienden a buscar, por ejemplo, con la l\u00ednea Primer Empleo, una r\u00e1pida reinserci\u00f3n laboral. <\/p>\n<p>El pr\u00f3ximo mi\u00e9rcoles se convocar\u00e1 a una reuni\u00f3n para monitorear la marcha de todas estas gestiones mientras desde el gobierno municipal se mantiene un acompa\u00f1amiento permanente a los trabajadores.<\/p>\n","protected":false},"excerpt":{"rendered":"<p>En la ma\u00f1ana de hoy el Intendente de nuestra ciudad, el Sr Cecilio Salazar, recibi\u00f3 y anunci\u00f3 las medidas que se vienen tomando desde la gesti\u00f3n a los trabajadores de COPLAC. Luego en el despacho del Secretario de Gobierno Silvio Corti y el Subsecretario de Desarrollo Econ\u00f3mico Alfredo Camilletti desarrollaron una reuni\u00f3n junto a la [&hellip;]<\/p>\n","protected":false},"author":4,"featured_media":40601,"comment_status":"open","ping_status":"closed","sticky":false,"template":"","format":"standard","meta":{"om_disable_all_campaigns":false,"_jetpack_memberships_contains_paid_content":false,"footnotes":""},"categories":[50,101,2],"tags":[],"class_list":["post-40588","post","type-post","status-publish","format-standard","has-post-thumbnail","hentry","category-destacadas","category-interes-general-locales","category-locales"],"aioseo_notices":[],"gutentor_comment":0,"jetpack_featured_media_url":"https:\/\/eldiariodesanpedro.com.ar\/sitio\/wp-content\/uploads\/2018\/09\/pastedImage-8.png","jetpack_shortlink":"https:\/\/wp.me\/p6RhLt-ayE","jetpack_sharing_enabled":true,"_links":{"self":[{"href":"https:\/\/eldiariodesanpedro.com.ar\/sitio\/wp-json\/wp\/v2\/posts\/40588","targetHints":{"allow":["GET"]}}],"collection":[{"href":"https:\/\/eldiariodesanpedro.com.ar\/sitio\/wp-json\/wp\/v2\/posts"}],"about":[{"href":"https:\/\/eldiariodesanpedro.com.ar\/sitio\/wp-json\/wp\/v2\/types\/post"}],"author":[{"embeddable":true,"href":"https:\/\/eldiariodesanpedro.com.ar\/sitio\/wp-json\/wp\/v2\/users\/4"}],"replies":[{"embeddable":true,"href":"https:\/\/eldiariodesanpedro.com.ar\/sitio\/wp-json\/wp\/v2\/comments?post=40588"}],"version-history":[{"count":1,"href":"https:\/\/eldiariodesanpedro.com.ar\/sitio\/wp-json\/wp\/v2\/posts\/40588\/revisions"}],"predecessor-version":[{"id":40602,"href":"https:\/\/eldiariodesanpedro.com.ar\/sitio\/wp-json\/wp\/v2\/posts\/40588\/revisions\/40602"}],"wp:featuredmedia":[{"embeddable":true,"href":"https:\/\/eldiariodesanpedro.com.ar\/sitio\/wp-json\/wp\/v2\/media\/40601"}],"wp:attachment":[{"href":"https:\/\/eldiariodesanpedro.com.ar\/sitio\/wp-json\/wp\/v2\/media?parent=40588"}],"wp:term":[{"taxonomy":"category","embeddable":true,"href":"https:\/\/eldiariodesanpedro.com.ar\/sitio\/wp-json\/wp\/v2\/categories?post=40588"},{"taxonomy":"post_tag","embeddable":true,"href":"https:\/\/eldiariodesanpedro.com.ar\/sitio\/wp-json\/wp\/v2\/tags?post=40588"}],"curies":[{"name":"wp","href":"https:\/\/api.w.org\/{rel}","templated":true}]}}