{"id":40583,"date":"2018-09-20T10:09:23","date_gmt":"2018-09-20T13:09:23","guid":{"rendered":"https:\/\/eldiariodesanpedro.com.ar\/sitio\/?p=40583"},"modified":"2018-09-20T10:09:23","modified_gmt":"2018-09-20T13:09:23","slug":"este-viernes-sanatorio-coopser-atendera-solo-urgencias","status":"publish","type":"post","link":"https:\/\/eldiariodesanpedro.com.ar\/sitio\/este-viernes-sanatorio-coopser-atendera-solo-urgencias\/","title":{"rendered":"Este viernes Sanatorio COOPSER atender\u00e1 s\u00f3lo urgencias"},"content":{"rendered":"<p><!-- VideographyWP Plugin Message: Automatic video embedding prevented by plugin options. --><br \/>\nMa\u00f1ana 21 de Septiembre, el personal de SANIDAD celebrar\u00e1 su d\u00eda, instituido para recordar la fecha en la que se fund\u00f3 la Obra Social de la Asociaci\u00f3n de Trabajadores de la Sanidad Argentina. <\/p>\n<p>En todos los sanatorios y cl\u00ednicas se celebra la fecha que homenajea a las enfermeras, instrumentistas, camilleros, porteros, cocineros y personal de mantenimiento, entre otros, que prestan servicios en las instituciones m\u00e9dicas. <\/p>\n<p>Por tal motivo SANATORIO COOPSER saluda a todos los que forman parte de su staff y anuncia que la actividad de la jornada ser\u00e1 restringida a los servicios de guardias, retornando el s\u00e1bado 22 la actividad en los horarios habituales.<\/p>\n","protected":false},"excerpt":{"rendered":"<p>Ma\u00f1ana 21 de Septiembre, el personal de SANIDAD celebrar\u00e1 su d\u00eda, instituido para recordar la fecha en la que se fund\u00f3 la Obra Social de la Asociaci\u00f3n de Trabajadores de la Sanidad Argentina. En todos los sanatorios y cl\u00ednicas se celebra la fecha que homenajea a las enfermeras, instrumentistas, camilleros, porteros, cocineros y personal de [&hellip;]<\/p>\n","protected":false},"author":4,"featured_media":15656,"comment_status":"open","ping_status":"closed","sticky":false,"template":"","format":"standard","meta":{"om_disable_all_campaigns":false,"_jetpack_memberships_contains_paid_content":false,"footnotes":""},"categories":[101,2],"tags":[],"class_list":["post-40583","post","type-post","status-publish","format-standard","has-post-thumbnail","hentry","category-interes-general-locales","category-locales"],"aioseo_notices":[],"gutentor_comment":0,"jetpack_featured_media_url":"https:\/\/eldiariodesanpedro.com.ar\/sitio\/wp-content\/uploads\/2017\/03\/coopser.jpg","jetpack_shortlink":"https:\/\/wp.me\/p6RhLt-ayz","jetpack_sharing_enabled":true,"_links":{"self":[{"href":"https:\/\/eldiariodesanpedro.com.ar\/sitio\/wp-json\/wp\/v2\/posts\/40583","targetHints":{"allow":["GET"]}}],"collection":[{"href":"https:\/\/eldiariodesanpedro.com.ar\/sitio\/wp-json\/wp\/v2\/posts"}],"about":[{"href":"https:\/\/eldiariodesanpedro.com.ar\/sitio\/wp-json\/wp\/v2\/types\/post"}],"author":[{"embeddable":true,"href":"https:\/\/eldiariodesanpedro.com.ar\/sitio\/wp-json\/wp\/v2\/users\/4"}],"replies":[{"embeddable":true,"href":"https:\/\/eldiariodesanpedro.com.ar\/sitio\/wp-json\/wp\/v2\/comments?post=40583"}],"version-history":[{"count":1,"href":"https:\/\/eldiariodesanpedro.com.ar\/sitio\/wp-json\/wp\/v2\/posts\/40583\/revisions"}],"predecessor-version":[{"id":40584,"href":"https:\/\/eldiariodesanpedro.com.ar\/sitio\/wp-json\/wp\/v2\/posts\/40583\/revisions\/40584"}],"wp:featuredmedia":[{"embeddable":true,"href":"https:\/\/eldiariodesanpedro.com.ar\/sitio\/wp-json\/wp\/v2\/media\/15656"}],"wp:attachment":[{"href":"https:\/\/eldiariodesanpedro.com.ar\/sitio\/wp-json\/wp\/v2\/media?parent=40583"}],"wp:term":[{"taxonomy":"category","embeddable":true,"href":"https:\/\/eldiariodesanpedro.com.ar\/sitio\/wp-json\/wp\/v2\/categories?post=40583"},{"taxonomy":"post_tag","embeddable":true,"href":"https:\/\/eldiariodesanpedro.com.ar\/sitio\/wp-json\/wp\/v2\/tags?post=40583"}],"curies":[{"name":"wp","href":"https:\/\/api.w.org\/{rel}","templated":true}]}}