{"id":40580,"date":"2018-09-20T09:57:14","date_gmt":"2018-09-20T12:57:14","guid":{"rendered":"https:\/\/eldiariodesanpedro.com.ar\/sitio\/?p=40580"},"modified":"2018-09-20T09:57:14","modified_gmt":"2018-09-20T12:57:14","slug":"profesionales-del-circulo-medico-brindan-charlas-en-escuelas","status":"publish","type":"post","link":"https:\/\/eldiariodesanpedro.com.ar\/sitio\/profesionales-del-circulo-medico-brindan-charlas-en-escuelas\/","title":{"rendered":"Profesionales del C\u00edrculo M\u00e9dico brindan charlas en escuelas"},"content":{"rendered":"<p><!-- VideographyWP Plugin Message: Automatic video embedding prevented by plugin options. --><br \/>\nDesde la Subcomisi\u00f3n de Educaci\u00f3n del C\u00edrculo M\u00e9dico se viene trabajando en la planificaci\u00f3n y presentaci\u00f3n de charlas en establecimientos escolares sobre temas de inter\u00e9s para los adolescentes. <\/p>\n<p>Esta semana a partir de una iniciativa de LALCEC y coincidiendo con actividades previstas en el Mes de la Prevenci\u00f3n del C\u00e1ncer de Cuello de \u00datero, las Dras. Mar\u00eda Eugenia V\u00e1zquez y Lidia Ronte ofrecieron una charla en la Escuela 27 que ampli\u00f3 la tem\u00e1tica y present\u00f3 el tema Educaci\u00f3n Sexual Responsable. <\/p>\n<p>Con una excelente respuesta de los chicos y mucho inter\u00e9s se abord\u00f3 este tema de manera interactiva, con una exposici\u00f3n por parte de las profesionales y un amplio espacio de preguntas con respuestas para todas las inquietudes sobre enfermedades de transmisi\u00f3n sexual y anticoncepci\u00f3n.<\/p>\n<p>Una charla similar se programar\u00e1 la semana pr\u00f3xima en las Escuelas 7 y San Francisco, junto a otras en las que tambi\u00e9n intervienen profesionales de la entidad y con otro tipo de temas, entre ellas, una vinculada con las recomendaciones y riesgos del uso de pantallas y la exposici\u00f3n a las mismas de manera prolongada.<\/p>\n<p>El C\u00edrculo M\u00e9dico con la participaci\u00f3n de sus miembros en las diferentes especialidades continuar\u00e1 con este tipo de actividades en los pr\u00f3ximos meses para compartir  iniciativas que tienen una importancia central en una etapa clave del desarrollo de los j\u00f3venes.<\/p>\n","protected":false},"excerpt":{"rendered":"<p>Desde la Subcomisi\u00f3n de Educaci\u00f3n del C\u00edrculo M\u00e9dico se viene trabajando en la planificaci\u00f3n y presentaci\u00f3n de charlas en establecimientos escolares sobre temas de inter\u00e9s para los adolescentes. Esta semana a partir de una iniciativa de LALCEC y coincidiendo con actividades previstas en el Mes de la Prevenci\u00f3n del C\u00e1ncer de Cuello de \u00datero, las [&hellip;]<\/p>\n","protected":false},"author":4,"featured_media":40581,"comment_status":"open","ping_status":"closed","sticky":false,"template":"","format":"standard","meta":{"om_disable_all_campaigns":false,"_jetpack_memberships_contains_paid_content":false,"footnotes":""},"categories":[101,2],"tags":[],"class_list":["post-40580","post","type-post","status-publish","format-standard","has-post-thumbnail","hentry","category-interes-general-locales","category-locales"],"aioseo_notices":[],"gutentor_comment":0,"jetpack_featured_media_url":"https:\/\/eldiariodesanpedro.com.ar\/sitio\/wp-content\/uploads\/2018\/09\/CHARLA1.jpg","jetpack_shortlink":"https:\/\/wp.me\/p6RhLt-ayw","jetpack_sharing_enabled":true,"_links":{"self":[{"href":"https:\/\/eldiariodesanpedro.com.ar\/sitio\/wp-json\/wp\/v2\/posts\/40580","targetHints":{"allow":["GET"]}}],"collection":[{"href":"https:\/\/eldiariodesanpedro.com.ar\/sitio\/wp-json\/wp\/v2\/posts"}],"about":[{"href":"https:\/\/eldiariodesanpedro.com.ar\/sitio\/wp-json\/wp\/v2\/types\/post"}],"author":[{"embeddable":true,"href":"https:\/\/eldiariodesanpedro.com.ar\/sitio\/wp-json\/wp\/v2\/users\/4"}],"replies":[{"embeddable":true,"href":"https:\/\/eldiariodesanpedro.com.ar\/sitio\/wp-json\/wp\/v2\/comments?post=40580"}],"version-history":[{"count":1,"href":"https:\/\/eldiariodesanpedro.com.ar\/sitio\/wp-json\/wp\/v2\/posts\/40580\/revisions"}],"predecessor-version":[{"id":40582,"href":"https:\/\/eldiariodesanpedro.com.ar\/sitio\/wp-json\/wp\/v2\/posts\/40580\/revisions\/40582"}],"wp:featuredmedia":[{"embeddable":true,"href":"https:\/\/eldiariodesanpedro.com.ar\/sitio\/wp-json\/wp\/v2\/media\/40581"}],"wp:attachment":[{"href":"https:\/\/eldiariodesanpedro.com.ar\/sitio\/wp-json\/wp\/v2\/media?parent=40580"}],"wp:term":[{"taxonomy":"category","embeddable":true,"href":"https:\/\/eldiariodesanpedro.com.ar\/sitio\/wp-json\/wp\/v2\/categories?post=40580"},{"taxonomy":"post_tag","embeddable":true,"href":"https:\/\/eldiariodesanpedro.com.ar\/sitio\/wp-json\/wp\/v2\/tags?post=40580"}],"curies":[{"name":"wp","href":"https:\/\/api.w.org\/{rel}","templated":true}]}}