{"id":40577,"date":"2018-09-20T09:50:03","date_gmt":"2018-09-20T12:50:03","guid":{"rendered":"https:\/\/eldiariodesanpedro.com.ar\/sitio\/?p=40577"},"modified":"2018-09-20T09:50:03","modified_gmt":"2018-09-20T12:50:03","slug":"coopser-nuevo-camion-con-hidroelevador-para-la-guardia-de-reclamos","status":"publish","type":"post","link":"https:\/\/eldiariodesanpedro.com.ar\/sitio\/coopser-nuevo-camion-con-hidroelevador-para-la-guardia-de-reclamos\/","title":{"rendered":"COOPSER: Nuevo cami\u00f3n con hidroelevador  para la guardia de reclamos"},"content":{"rendered":"<p><!-- VideographyWP Plugin Message: Automatic video embedding prevented by plugin options. --><br \/>\nCoopser informa que est\u00e1 listo para salir a brindar servicios en el Partido de San Pedro, un nuevo cami\u00f3n marca FORD con un hidroelevador marca Axion, adquirido para reemplazar una unidad similar utilizada para tareas en altura. <\/p>\n<p>Adem\u00e1s de renovar la flota, esta unidad cero kil\u00f3metro m\u00e1s liviana y moderna, otorga una capacidad operativa m\u00e1s eficaz y segura. Uno de los servicios principales del nuevo equipo, est\u00e1 destinado a la Guardia de Reclamos de Departamento El\u00e9ctrico que opera desde la Cooperativa.<\/p>\n","protected":false},"excerpt":{"rendered":"<p>Coopser informa que est\u00e1 listo para salir a brindar servicios en el Partido de San Pedro, un nuevo cami\u00f3n marca FORD con un hidroelevador marca Axion, adquirido para reemplazar una unidad similar utilizada para tareas en altura. Adem\u00e1s de renovar la flota, esta unidad cero kil\u00f3metro m\u00e1s liviana y moderna, otorga una capacidad operativa m\u00e1s [&hellip;]<\/p>\n","protected":false},"author":4,"featured_media":40578,"comment_status":"open","ping_status":"closed","sticky":false,"template":"","format":"standard","meta":{"om_disable_all_campaigns":false,"_jetpack_memberships_contains_paid_content":false,"footnotes":""},"categories":[101,2],"tags":[],"class_list":["post-40577","post","type-post","status-publish","format-standard","has-post-thumbnail","hentry","category-interes-general-locales","category-locales"],"aioseo_notices":[],"gutentor_comment":0,"jetpack_featured_media_url":"https:\/\/eldiariodesanpedro.com.ar\/sitio\/wp-content\/uploads\/2018\/09\/Camion1.jpg","jetpack_shortlink":"https:\/\/wp.me\/p6RhLt-ayt","jetpack_sharing_enabled":true,"_links":{"self":[{"href":"https:\/\/eldiariodesanpedro.com.ar\/sitio\/wp-json\/wp\/v2\/posts\/40577","targetHints":{"allow":["GET"]}}],"collection":[{"href":"https:\/\/eldiariodesanpedro.com.ar\/sitio\/wp-json\/wp\/v2\/posts"}],"about":[{"href":"https:\/\/eldiariodesanpedro.com.ar\/sitio\/wp-json\/wp\/v2\/types\/post"}],"author":[{"embeddable":true,"href":"https:\/\/eldiariodesanpedro.com.ar\/sitio\/wp-json\/wp\/v2\/users\/4"}],"replies":[{"embeddable":true,"href":"https:\/\/eldiariodesanpedro.com.ar\/sitio\/wp-json\/wp\/v2\/comments?post=40577"}],"version-history":[{"count":1,"href":"https:\/\/eldiariodesanpedro.com.ar\/sitio\/wp-json\/wp\/v2\/posts\/40577\/revisions"}],"predecessor-version":[{"id":40579,"href":"https:\/\/eldiariodesanpedro.com.ar\/sitio\/wp-json\/wp\/v2\/posts\/40577\/revisions\/40579"}],"wp:featuredmedia":[{"embeddable":true,"href":"https:\/\/eldiariodesanpedro.com.ar\/sitio\/wp-json\/wp\/v2\/media\/40578"}],"wp:attachment":[{"href":"https:\/\/eldiariodesanpedro.com.ar\/sitio\/wp-json\/wp\/v2\/media?parent=40577"}],"wp:term":[{"taxonomy":"category","embeddable":true,"href":"https:\/\/eldiariodesanpedro.com.ar\/sitio\/wp-json\/wp\/v2\/categories?post=40577"},{"taxonomy":"post_tag","embeddable":true,"href":"https:\/\/eldiariodesanpedro.com.ar\/sitio\/wp-json\/wp\/v2\/tags?post=40577"}],"curies":[{"name":"wp","href":"https:\/\/api.w.org\/{rel}","templated":true}]}}